{"id":101470,"date":"2020-10-11T18:03:56","date_gmt":"2020-10-11T22:03:56","guid":{"rendered":"https:\/\/linitiative.ca\/International\/maroc-faible-participation-des-femmes-a-lactivite-economique-hcp\/"},"modified":"2020-10-11T18:03:56","modified_gmt":"2020-10-11T22:03:56","slug":"maroc-faible-participation-des-femmes-a-lactivite-economique-hcp","status":"publish","type":"post","link":"https:\/\/linitiative.ca\/International\/maroc-faible-participation-des-femmes-a-lactivite-economique-hcp\/","title":{"rendered":"Maroc\u00a0: Faible participation des femmes \u00e0 l\u2019activit\u00e9 \u00e9conomique (HCP)"},"content":{"rendered":"<div readability=\"32\">\n<p>Publi\u00e9 le 11.10.2020 \u00e0 23h18 par APA News<\/p>\n<\/div>\n<div readability=\"92\">\n<p>L\u2019analyse de la situation des femmes au march\u00e9 du travail r\u00e9v\u00e8le une faible participation de ces derni\u00e8res \u00e0 l\u2019activit\u00e9 \u00e9conomique, a fait savoir le Haut-Commissariat au Plan (HCP) \u00e0 l\u2019occasion de la journ\u00e9e nationale de la femme marocaine c\u00e9l\u00e9br\u00e9e le 10 octobre.En effet, leur taux d\u2019activit\u00e9 n\u2019est que de 20,8% au 2\u00e8me trimestre 2020 contre\u00a021,9 % \u00e0 la m\u00eame p\u00e9riode de 2019, largement en de\u00e7\u00e0 de celui des hommes (69,7%), pr\u00e9cise le HCP, faisant observer qu\u2019en d\u00e9pit des progr\u00e8s, la femme marocaine fait toujours face \u00e0 des d\u00e9fis multiples sur le march\u00e9 du travail.<\/p>\n<p>Ce taux enregistre 23,9% en milieu rural contre 19,1% en milieu urbain \u00bb, explique-t-il. Et de poursuivre : \u00ab Les femmes en dehors du march\u00e9 de travail, au nombre de 10,7 millions durant ce trimestre, repr\u00e9sentent 79,2% de la population f\u00e9minine \u00e2g\u00e9e de 15 ans et plus.<\/p>\n<p>Sur une population active occup\u00e9e d\u2019environ 10,5 millions, le nombre de femmes actives occup\u00e9es a atteint environ 2,4 millions pendant le deuxi\u00e8me trimestre de l\u2019ann\u00e9e 2020, soit un taux de f\u00e9minisation de 22,7%, contre un effectif de 2,6 millions affich\u00e9 pendant le m\u00eame trimestre de l\u2019ann\u00e9e 2019, soit une baisse de 230.000 postes d\u2019emploi.<\/p>\n<p>Le HCP affirme par ailleurs que, les femmes actives occup\u00e9es sont relativement jeunes, 33,6% d\u2019entre elles sont \u00e2g\u00e9es de moins de 35 ans. Elles sont \u00e9galement moins qualifi\u00e9es, pr\u00e8s de six femmes en emploi sur dix (58,5%) n\u2019ont aucun dipl\u00f4me, contre 52,6% pour les hommes. \u00a0Cette proportion cache des disparit\u00e9s importantes par milieu de r\u00e9sidence. Elle est de 91,2% en zones rurales contre 31,7% en zones urbaines.<\/p>\n<p>Les femmes actives occup\u00e9es restent plus pr\u00e9sentes dans le secteur de l\u2019agriculture, for\u00eat et p\u00eache avec une part de 43,3% de l\u2019emploi f\u00e9minin, suivi des services avec une part de 42,4% et celui de l\u2019industrie y compris l\u2019artisanat, avec 13,8% comme part dans l\u2019emploi f\u00e9minin.<\/p>\n<\/div>\n<p>Auteur: APA News<br \/>\n<a href=\"https:\/\/www.journalducameroun.com\/maroc-faible-participation-des-femmes-a-lactivite-economique-hcp\/\">Cliquez ici pour lire l&rsquo;article depuis sa source.<\/a><\/p>\n","protected":false},"excerpt":{"rendered":"<p>Publi\u00e9 le 11.10.2020 \u00e0 23h18 par APA News L\u2019analyse de la situation des femmes au march\u00e9 du travail r\u00e9v\u00e8le une faible participation de ces derni\u00e8res \u00e0 l\u2019activit\u00e9 \u00e9conomique, a fait savoir le Haut-Commissariat au Plan (HCP) \u00e0 l\u2019occasion de la journ\u00e9e nationale de la femme marocaine c\u00e9l\u00e9br\u00e9e le 10 octobre.En effet, leur taux d\u2019activit\u00e9 n\u2019est [&hellip;]<\/p>\n","protected":false},"author":1965,"featured_media":0,"comment_status":"closed","ping_status":"closed","sticky":false,"template":"","format":"standard","meta":{"fifu_image_url":"","fifu_image_alt":"","footnotes":""},"categories":[73,82],"tags":[],"class_list":["post-101470","post","type-post","status-publish","format-standard","hentry","category-actualite","category-cameroun"],"_links":{"self":[{"href":"https:\/\/linitiative.ca\/International\/wp-json\/wp\/v2\/posts\/101470","targetHints":{"allow":["GET"]}}],"collection":[{"href":"https:\/\/linitiative.ca\/International\/wp-json\/wp\/v2\/posts"}],"about":[{"href":"https:\/\/linitiative.ca\/International\/wp-json\/wp\/v2\/types\/post"}],"author":[{"embeddable":true,"href":"https:\/\/linitiative.ca\/International\/wp-json\/wp\/v2\/users\/1965"}],"replies":[{"embeddable":true,"href":"https:\/\/linitiative.ca\/International\/wp-json\/wp\/v2\/comments?post=101470"}],"version-history":[{"count":0,"href":"https:\/\/linitiative.ca\/International\/wp-json\/wp\/v2\/posts\/101470\/revisions"}],"wp:attachment":[{"href":"https:\/\/linitiative.ca\/International\/wp-json\/wp\/v2\/media?parent=101470"}],"wp:term":[{"taxonomy":"category","embeddable":true,"href":"https:\/\/linitiative.ca\/International\/wp-json\/wp\/v2\/categories?post=101470"},{"taxonomy":"post_tag","embeddable":true,"href":"https:\/\/linitiative.ca\/International\/wp-json\/wp\/v2\/tags?post=101470"}],"curies":[{"name":"wp","href":"https:\/\/api.w.org\/{rel}","templated":true}]}}