{"id":101471,"date":"2020-10-11T14:39:22","date_gmt":"2020-10-11T18:39:22","guid":{"rendered":"https:\/\/linitiative.ca\/International\/formation-emploi-le-gicam-denonce-la-formation-professionnelle\/"},"modified":"2020-10-11T14:39:22","modified_gmt":"2020-10-11T18:39:22","slug":"formation-emploi-le-gicam-denonce-la-formation-professionnelle","status":"publish","type":"post","link":"https:\/\/linitiative.ca\/International\/formation-emploi-le-gicam-denonce-la-formation-professionnelle\/","title":{"rendered":"Formation-emploi : le Gicam d\u00e9nonce la formation professionnelle"},"content":{"rendered":"<p>Apr\u00e8s le 14 mars\u00a02019, le Ministre\u00a0de l\u2019emploi et de\u00a0la formation professionnelle\u00a0(Minefop) est de retour devant le plus important groupement patronal du pays.\u00a0La session de travail d\u2019Issa\u00a0Tchiroma Bakary dans la\u00a0capitale \u00e9conomique portait\u00a0sur deux centres d\u2019int\u00e9r\u00eats:\u00a0la pr\u00e9sentation de la politique nationale de l\u2019emploi\u00a0(PNE) et son plan d\u2019actions\u00a0prioritaires (PAP), suivi de la\u00a0vulgarisation et l\u2019appropriation de la loi n\u00b02018\/010 du\u00a011 juillet 2018 r\u00e9gissant la\u00a0formation professionnelle\u00a0au Cameroun et ses textes\u00a0d\u2019application. Ce, \u00e0 travers\u00a0un atelier national et r\u00e9gional. Une loi dont le processus d\u2019\u00e9laboration a \u00e9t\u00e9 lanc\u00e9e en 2008 et structur\u00e9 sur\u00a055 articles. D\u2019apr\u00e8s Mme\u00a0Mbenoun, Conseiller technique n\u00b01 au Minefop, l\u2019ancien texte r\u00e9gissant l\u2019emploi\u00a0et la formation professionnelle au Cameroun datait de\u00a01976: \u00ab il fallait le toiletter\u00a0et l\u2019adapter aux r\u00e9alit\u00e9s actuelles\u00bb, a clarifi\u00e9 la cadre\u00a0du Minefop.<\/p>\n<p><strong>Lire aussi<\/strong> : <a href=\"https:\/\/ecomatin.net\/quel-est-le-poids-du-gicam-dans-leconomie-dans-quel-etat-se-trouve-lenvironnement-des-affaires-au-cameroun-comment-les-entreprises-du-gicam-sont-elles-administrees\/\">Quel est le poids du Gicam dans l\u2019\u00e9conomie<\/a><\/p>\n<p>Dans son allocution, le ministre Issa Tchiroma Bakary\u00a0a insist\u00e9 sur l\u2019approche\u00a0concert\u00e9e et tripartite qui a\u00a0soutenu l\u2019\u00e9laboration de la\u00a0loi du 11 juillet 2018. \u00abQui\u00a0mieux que le secteur priv\u00e9\u00a0et le patronat pour mettre\u00a0en application et la mise en\u00a0\u0153uvre des dispositions pertinentes de la loi du 11 juillet 2018. Le l\u00e9gislateur a par\u00a0ailleurs pr\u00e9vu dans l\u2019Article\u00a012 au profit du secteur priv\u00e9\u00a0et des investisseurs dans la\u00a0formation professionnelle\u00a0des mesures d\u2019incitation et\u00a0d\u2019encouragement appropri\u00e9es conform\u00e9ment aux\u00a0priorit\u00e9s nationales en m\u00eame\u00a0temps qu\u2019il instaure des\u00a0m\u00e9canismes de financement\u00a0avec le concours du secteur\u00a0priv\u00e9 et des partenaires techniques et financiers \u00bb a-t-il\u00a0pr\u00e9cis\u00e9.<\/p>\n<p><strong>Lire aussi<\/strong> : <a href=\"https:\/\/ecomatin.net\/mploi-et-formation-professionnelle-la-scb-rassure-issa-tchiroma-bakary-le-ministre-de-lemploi-et-de-la-formation-professionnelle-a-effectue-ce-3-juillet-2019-sous-la-conduite-de-mohammed-mejbar\/\">Emploi et\u00a0\u00a0formation professionnelle\u00a0: la SCB rassure Issa Tchirouma Bakary<\/a><\/p>\n<p>Sur la politique nationale de\u00a0l\u2019emploi (PNE) et son plan\u00a0d\u2019action prioritaire, Issa\u00a0Tchiroma Bakary a expos\u00e9\u00a0la vision du pr\u00e9sident de\u00a0la R\u00e9publique de faire du\u00a0Cameroun d\u2019ici 2027, une\u00a0nation o\u00f9 chaque citoyen\u00a0en \u00e2ge de travailler, quel\u00a0que soit son sexe, son statut ou sa confession, puisse\u00a0acc\u00e9der \u00e0 un emploi d\u00e9cent\u00a0dans un environnement\u00a0de croissance \u00e9conomique\u00a0forte, fiable, inclusive et\u00a0favorisant le dialogue social\u00a0effectif. Au Minist\u00e8re de\u00a0l\u2019emploi et de la formation\u00a0professionnelle, le PNE qui\u00a0vise le ciblage de l\u2019emploi\u00a0d\u00e9cent dans l\u2019\u00e9conomie, est\u00a0une v\u00e9ritable panac\u00e9e. D\u2019o\u00f9\u00a0les quatre axes strat\u00e9giques\u00a0d\u00e9clin\u00e9s dans le PNE: la promotion de l\u2019emploi dans le\u00a0cadre macro\u00e9conomique\u00a0et les politiques publiques,\u00a0l\u2019accroissement de la cr\u00e9ation et la promotion des TPE,\u00a0PME, PMI, de l\u2019entrepreneuriat et des organisations\u00a0paysannes, l\u2019am\u00e9liore de\u00a0l\u2019employabilit\u00e9 de la main\u00a0d\u2019\u0153uvre, l\u2019am\u00e9lioration de\u00a0la gouvernance sur le march\u00e9 du travail.<\/p>\n<p>Le PNE est adoss\u00e9 sur un\u00a0plan d\u2019actions prioritaires\u00a0qui cible environ 3.000.000\u00a0d\u2019emplois \u00e0 l\u2019horizon 2023,\u00a0pour un co\u00fbt de 109 milliards de FCFA (87 milliards de FCFA issus du\u00a0Budget d\u2019investissement\u00a0public (BIP) et 21 milliards\u00a0de FCFA par les partenaires\u00a0techniques et financiers).<\/p>\n<p><strong>Lire aussi<\/strong> : <a href=\"https:\/\/ecomatin.net\/covid-19-le-gicam-revendique-un-plan-de-relance-economique\/\">Covid-19\u00a0: le Gicam revendique un plan de relance \u00e9conomique<\/a><\/p>\n<p><strong>La pomme de discorde<\/strong><\/p>\n<p>A sa prise de parole le pr\u00e9sident du Gicam, C\u00e9lestin\u00a0Tawamba n\u2019ira pas de main\u00a0morte pour marquer son\u00a0insatisfaction vis-\u00e0-vis de la\u00a0nouvelle loi pr\u00e9sent\u00e9e par le\u00a0Ministre de l\u2019emploi et de la\u00a0formation professionnelle.\u00a0La r\u00e9forme l\u00e9gislative du 11\u00a0juillet 2018 f\u00e2che en effet le\u00a0secteur priv\u00e9 sur plusieurs\u00a0points, tant sur la forme que\u00a0le fond.<\/p>\n<p>C\u00e9lestin Tawamba accuse le\u00a0Ministre de l\u2019emploi et de la\u00a0formation professionnelle\u00a0d\u2019avoir \u00e9labor\u00e9 la nouvelle\u00a0loi sans concertation pr\u00e9alable avec le secteur priv\u00e9:\u00a0\u00abCette loi est assortie de 18\u00a0d\u00e9crets d\u2019application qui\u00a0impliquent une vingtaine de\u00a0d\u00e9partements minist\u00e9riels.\u00a0Malgr\u00e9 toutes les propositions effectu\u00e9es dans le\u00a0cadre du Covid-19, nous\u00a0n\u2019avons rien re\u00e7u. Nous\u00a0refusons d\u00e9sormais d\u2019\u00eatre\u00a0des faire-valoir. Le secteur\u00a0priv\u00e9 reste le parent pauvre\u00a0de notre pays\u00bb, s\u2019est indign\u00e9\u00a0le pr\u00e9sident du Gicam.<\/p>\n<p><strong>Lire aussi<\/strong> : <a href=\"https:\/\/ecomatin.net\/le-pad-soutient-la-formation-professionnelle-des-jeunes\/\">Le PAD soutient la formation professionnelle des jeunes<\/a><\/p>\n<p>Ce dernier rel\u00e8ve par ailleurs qu\u2019aucune garantie\u00a0n\u2019est pr\u00e9vue dans la loi\u00a0n\u00b02018\/010 du 11 juillet 2018 pour permettre \u00e0\u00a0l\u2019entreprise de rentabiliser\u00a0les investissements dans la\u00a0formation des employ\u00e9s, ni\u00a0ne dispose clairement que\u00a0les entreprises contribuent\u00a0au financement de la formation professionnelle de\u00a0fa\u00e7on directe, mais laisse la\u00a0porte ouverte \u00e0 la possibilit\u00e9\u00a0de l\u00e9gif\u00e9rer sur de nouvelles\u00a0sources de financement.<\/p>\n<p>Le Gicam est \u00e9galement\u00a0d\u00e9\u00e7u que la loi r\u00e9gissant la\u00a0formation professionnelle\u00a0au Cameroun ne pr\u00e9voie aucune mesure incitative pour\u00a0les entreprises, \u00abalors m\u00eame\u00a0que le contrat d\u2019apprentissage ouvre la voie aux aides\u00a0de l\u2019Etat \u00e0 l\u2019employeur dans\u00a0d\u2019autres contextes et que\u00a0l\u2019offre de formation professionnelle est essentiellement\u00a0priv\u00e9e\u00bb, ajoute le pr\u00e9sident\u00a0du plus important groupement patronal du pays.<\/p>\n<p>En r\u00e9ponse au chapelet de\u00a0critiques apport\u00e9es par le\u00a0Gicam sur loi n\u00b02018\/010\u00a0du 11 juillet 2018 r\u00e9gissant\u00a0la formation professionnelle\u00a0au Cameroun, le Ministre\u00a0de l\u2019emploi et de la formation professionnelle sera\u00a0peu disert, r\u00e9aliste toutefois\u00a0\u00able pr\u00e9sident du Gicam a\u00a0\u00e9t\u00e9 fid\u00e8le \u00e0 son franc parler.\u00a0Les contributions du Gicam\u00a0sont \u00e0 l\u2019\u00e9vidence fond\u00e9es et\u00a0pertinentes. Aucune loi n\u2019est\u00a0fig\u00e9e sur du marbre. Ces\u00a0amendements pourront \u00eatre\u00a0int\u00e9gr\u00e9s dans une seconde\u00a0lecture. Je vous promet de\u00a0revenir vous voir dans les\u00a0prochains mois\u00bb, a situ\u00e9 Issa\u00a0Tchiroma Bakary.<\/p>\n<p><strong>Lire aussi<\/strong> : <a href=\"https:\/\/ecomatin.net\/covid-19-le-gicam-insatisfait-des-mesures-dassouplissement-du-gouvernement\/\">Covid-19\u00a0: le Gicam insatisfait des mesures d\u2019assouplissement du gouvernement<\/a><\/p>\n<p><strong>R\u00e9actions<\/strong><\/p>\n<div class=\"wp-block-columns\" readability=\"16\">\n<div class=\"wp-block-column c2\" readability=\"8\"><img loading=\"lazy\" decoding=\"async\" data-attachment-id=\"18884\" data-permalink=\"https:\/\/ecomatin.net\/?attachment_id=18884\" data-orig-file=\"https:\/\/ecomatin.net\/wp-content\/uploads\/2020\/10\/issa.jpg\" data-orig-size=\"595,582\" data-comments-opened=\"0\" data-image-meta=\"{&quot;aperture&quot;:&quot;0&quot;,&quot;credit&quot;:&quot;&quot;,&quot;camera&quot;:&quot;&quot;,&quot;caption&quot;:&quot;&quot;,&quot;created_timestamp&quot;:&quot;1602442602&quot;,&quot;copyright&quot;:&quot;&quot;,&quot;focal_length&quot;:&quot;0&quot;,&quot;iso&quot;:&quot;0&quot;,&quot;shutter_speed&quot;:&quot;0&quot;,&quot;title&quot;:&quot;&quot;,&quot;orientation&quot;:&quot;1&quot;}\" data-image-title=\"issa\" data-image-description=\"\" data-medium-file=\"https:\/\/ecomatin.net\/wp-content\/uploads\/2020\/10\/issa-300x293.jpg\" data-large-file=\"https:\/\/ecomatin.net\/wp-content\/uploads\/2020\/10\/issa.jpg\" src=\"https:\/\/ecomatin.net\/wp-content\/uploads\/2020\/10\/issa.jpg\" alt=\"\" class=\"wp-image-18884\" width=\"159\" height=\"155\" srcset=\"https:\/\/ecomatin.net\/wp-content\/uploads\/2020\/10\/issa.jpg 595w, https:\/\/ecomatin.net\/wp-content\/uploads\/2020\/10\/issa-300x293.jpg 300w\" sizes=\"auto, (max-width: 159px) 100vw, 159px\"\/>Issa Tchirouma Bakary, ministre de l\u2019Emploi et de la Formation professionnelle (Minefop)<\/div>\n<div class=\"wp-block-column c3\" readability=\"24\">\n<p><strong>\u00abIl s\u2019agit d\u2019un texte\u00a0r\u00e9volutionnaire\u2026 \u00bb<\/strong><\/p>\n<p>Cette rencontre avec\u00a0le secteur priv\u00e9 a \u00e9t\u00e9\u00a0l\u2019occasion idoine pour\u00a0une appropriation de ces\u00a0instruments fondamentaux dont\u00a0dispose notre pays,\u00a0en mati\u00e8re de formation professionnelle et d\u2019insertion\u00a0socio\u00e9conomique\u00a0des chercheurs\u00a0d\u2019emploi.<\/p>\n<p>Il s\u2019agit d\u2019un texte r\u00e9volutionnaire qui nous oblige \u00e0 faire bouger les lignes. Cette loi engage la communaut\u00e9 des acteurs, Etat, collectivit\u00e9s territoriales d\u00e9centralis\u00e9es, partenaires des milieux socioprofessionnels, secteur priv\u00e9 etc\u2026 \u00e0 travailler en \u00e9troite collaboration dans le cadre d\u2019une synergie d\u2019actions, pour trouver des solutions concr\u00e8tes, vigoureuses, efficaces et p\u00e9rennes \u00e0 la probl\u00e9matique de l\u2019emploi qui constitue une cause nationale.<\/p>\n<\/div>\n<\/div>\n<div class=\"wp-block-columns\" readability=\"14.5\">\n<div class=\"wp-block-column c2\" readability=\"8\"><img loading=\"lazy\" decoding=\"async\" data-attachment-id=\"18885\" data-permalink=\"https:\/\/ecomatin.net\/?attachment_id=18885\" data-orig-file=\"https:\/\/ecomatin.net\/wp-content\/uploads\/2020\/10\/tof2.jpg\" data-orig-size=\"604,456\" data-comments-opened=\"0\" data-image-meta=\"{&quot;aperture&quot;:&quot;0&quot;,&quot;credit&quot;:&quot;&quot;,&quot;camera&quot;:&quot;&quot;,&quot;caption&quot;:&quot;&quot;,&quot;created_timestamp&quot;:&quot;1602442602&quot;,&quot;copyright&quot;:&quot;&quot;,&quot;focal_length&quot;:&quot;0&quot;,&quot;iso&quot;:&quot;0&quot;,&quot;shutter_speed&quot;:&quot;0&quot;,&quot;title&quot;:&quot;&quot;,&quot;orientation&quot;:&quot;1&quot;}\" data-image-title=\"tof2\" data-image-description=\"\" data-medium-file=\"https:\/\/ecomatin.net\/wp-content\/uploads\/2020\/10\/tof2-300x226.jpg\" data-large-file=\"https:\/\/ecomatin.net\/wp-content\/uploads\/2020\/10\/tof2.jpg\" src=\"https:\/\/ecomatin.net\/wp-content\/uploads\/2020\/10\/tof2.jpg\" alt=\"\" class=\"wp-image-18885\" width=\"171\" height=\"129\" srcset=\"https:\/\/ecomatin.net\/wp-content\/uploads\/2020\/10\/tof2.jpg 604w, https:\/\/ecomatin.net\/wp-content\/uploads\/2020\/10\/tof2-300x226.jpg 300w, https:\/\/ecomatin.net\/wp-content\/uploads\/2020\/10\/tof2-600x453.jpg 600w\" sizes=\"auto, (max-width: 171px) 100vw, 171px\"\/>C\u00e9lestin Tawamba, pr\u00e9sident du Gicam<\/div>\n<div class=\"wp-block-column c3\" readability=\"21\">\n<p><strong>\u00abIl subsiste de nombreux points\u00a0d\u2019incompr\u00e9hension\u00bb<\/strong><\/p>\n<p>Faire du Gicam la premi\u00e8re \u00e9tape de la campagne de promotion du\u00a0nouveau cadre institutionnel, t\u00e9moigne du r\u00f4le majeur que le gouvernement\u00a0camerounais reconna\u00eet \u00e0\u00a0notre groupement\u00a0dans l\u2019\u00e9laboration\u00a0des politiques de\u00a0formation et d\u2019emploi, et de la priorit\u00e9 qu\u2019ensemble\u00a0nous leur accordons. Mais il subsiste de nombreux\u00a0points d\u2019incompr\u00e9hension. Le Gicam\u00a0fonde l\u2019espoir que\u00a0ses r\u00e9flexions et recommandations permettront\u00a0non seulement d\u2019\u00e9clairer\u00a0les entreprises, mais par\u00a0ailleurs de d\u2019identifier et\u00a0de mettre en \u0153uvre des\u00a0m\u00e9canismes qui donnent\u00a0la possibilit\u00e9 d\u2019\u00e9viter aux\u00a0entreprises de nouvelles\u00a0contraintes p\u00e9nalisantes.<\/p>\n<p>En nous d\u00e9ployant avec\u00a0raison pour une meilleure\u00a0appropriation du nouveau\u00a0cadre institutionnel de la\u00a0formation professionnelle\u00a0au Cameroun, veillons \u00e0 ce\u00a0que ce dernier encourage\u00a0les entreprises dans leur\u00a0perception de la formation\u00a0professionnelle comme\u00a0d\u2019un investissement strat\u00e9gique.<\/p>\n<\/div>\n<\/div>\n<div class=\"awac-wrapper awac widget posts-list-widget-11\">\n<h4 class=\"widget-title\">Le plus r\u00e9cent<\/h4>\n<\/div>\n<p>Auteur: Eco Matin<br \/>\n<a href=\"https:\/\/ecomatin.net\/formation-emploi-le-gicam-denonce-la-formation-professionnelle\/\">Cliquez ici pour lire l&rsquo;article depuis sa source.<\/a><\/p>\n","protected":false},"excerpt":{"rendered":"<p>Apr\u00e8s le 14 mars\u00a02019, le Ministre\u00a0de l\u2019emploi et de\u00a0la formation professionnelle\u00a0(Minefop) est de retour devant le plus important groupement patronal du pays.\u00a0La session de travail d\u2019Issa\u00a0Tchiroma Bakary dans la\u00a0capitale \u00e9conomique portait\u00a0sur deux centres d\u2019int\u00e9r\u00eats:\u00a0la pr\u00e9sentation de la politique nationale de l\u2019emploi\u00a0(PNE) et son plan d\u2019actions\u00a0prioritaires (PAP), suivi de la\u00a0vulgarisation et l\u2019appropriation de la loi n\u00b02018\/010 [&hellip;]<\/p>\n","protected":false},"author":1969,"featured_media":101472,"comment_status":"closed","ping_status":"closed","sticky":false,"template":"","format":"standard","meta":{"fifu_image_url":"","fifu_image_alt":"","footnotes":""},"categories":[82,78],"tags":[],"class_list":["post-101471","post","type-post","status-publish","format-standard","has-post-thumbnail","hentry","category-cameroun","category-economie"],"_links":{"self":[{"href":"https:\/\/linitiative.ca\/International\/wp-json\/wp\/v2\/posts\/101471","targetHints":{"allow":["GET"]}}],"collection":[{"href":"https:\/\/linitiative.ca\/International\/wp-json\/wp\/v2\/posts"}],"about":[{"href":"https:\/\/linitiative.ca\/International\/wp-json\/wp\/v2\/types\/post"}],"author":[{"embeddable":true,"href":"https:\/\/linitiative.ca\/International\/wp-json\/wp\/v2\/users\/1969"}],"replies":[{"embeddable":true,"href":"https:\/\/linitiative.ca\/International\/wp-json\/wp\/v2\/comments?post=101471"}],"version-history":[{"count":0,"href":"https:\/\/linitiative.ca\/International\/wp-json\/wp\/v2\/posts\/101471\/revisions"}],"wp:featuredmedia":[{"embeddable":true,"href":"https:\/\/linitiative.ca\/International\/wp-json\/"}],"wp:attachment":[{"href":"https:\/\/linitiative.ca\/International\/wp-json\/wp\/v2\/media?parent=101471"}],"wp:term":[{"taxonomy":"category","embeddable":true,"href":"https:\/\/linitiative.ca\/International\/wp-json\/wp\/v2\/categories?post=101471"},{"taxonomy":"post_tag","embeddable":true,"href":"https:\/\/linitiative.ca\/International\/wp-json\/wp\/v2\/tags?post=101471"}],"curies":[{"name":"wp","href":"https:\/\/api.w.org\/{rel}","templated":true}]}}