{"id":101476,"date":"2020-10-12T10:59:31","date_gmt":"2020-10-12T14:59:31","guid":{"rendered":"https:\/\/linitiative.ca\/International\/deuxieme-test-pour-les-lions-de-latlas\/"},"modified":"2020-10-12T10:59:31","modified_gmt":"2020-10-12T14:59:31","slug":"deuxieme-test-pour-les-lions-de-latlas","status":"publish","type":"post","link":"https:\/\/linitiative.ca\/International\/deuxieme-test-pour-les-lions-de-latlas\/","title":{"rendered":"Deuxi\u00e8me test pour les Lions de l\u2019Atlas"},"content":{"rendered":"<p><img decoding=\"async\" class=\"post_layout_5_img\" src=\"http:\/\/aujourdhui.ma\/wp-content\/uploads\/2020\/10\/Lequipe-nationale-Maroc-Lions-de-lAtlas.jpg\" alt=\"Deuxi&#xE8;me test pour les Lions de l&#x2019;Atlas\"\/><\/p>\n<p><span class=\"c5\"><strong>Ils croiseront le fer en amical avec les L\u00e9opards de la RDC<\/strong><\/span><br \/><span id=\"more-357634\"\/><\/p>\n<p>L\u2019\u00e9quipe nationale a r\u00e9ussi vendredi son premier galop d\u2019essai face au S\u00e9n\u00e9gal. Elle a r\u00e9ussi \u00e0 dompter les Lions de la T\u00e9ranga (3-1), vendredi au Complexe Prince Moulay Abdellah, en match amical qui s\u2019inscrit dans le cadre de la pr\u00e9paration du onze national pour les \u00e9liminatoires de la Coupe d\u2019Afrique des Nations, pr\u00e9vues le mois prochain.<br \/>Vahid Halilhodzic a align\u00e9 un onze qui combinait entre les piliers de l\u2019\u00e9quipe nationale, \u00e0 l\u2019instar de Yassine Bounou, Roman Saiss, Achraf Hakimi, Soufiane Amrabet et Youssef En-Nesyri, les revenants tels que Hamza Mendyl, Issam Chebake, Oussama Tanane et Selim Amallah et les nouveaux visages Aymane Barkok et Samy Mmaee.<\/p>\n<p>Apr\u00e8s cette belle d\u00e9monstration, les Lions de l\u2019Atlas croiseront le fer ce soir sur la m\u00eame pelouse avec la s\u00e9lection de la R\u00e9publique D\u00e9mocratique du Congo, dans un deuxi\u00e8me test amical.<br \/>La composition de l\u2019\u00e9quipe ne sera pas la m\u00eame. Le d\u00e9fenseur de l\u2019Ajax Amsterdam, Noussair El Mezraoui, a rejoint le stage de concentration des Lions de l\u2019Atlas \u00e0 Ma\u00e2mora, tandis que l\u2019attaquant de Chelsea Hakim Ziyech a quitt\u00e9 la s\u00e9lection, a annonc\u00e9 samedi la F\u00e9d\u00e9ration royale marocaine de football (FRMF).<br \/>L\u2019attaquant de Chelsea a quitt\u00e9 le stage de l\u2019\u00e9quipe nationale \u00abafin de poursuivre son programme m\u00e9dical comme convenu pr\u00e9c\u00e9demment entre les staffs m\u00e9dicaux de l\u2019\u00e9quipe nationale et le club anglais\u00bb, a soulign\u00e9 la FRMF dans un communiqu\u00e9 publi\u00e9 sur son site internet.<\/p>\n<p>Le nouvel adversaire de l\u2019\u00e9quipe nationale est double champion d\u2019Afrique (1968 et 1974). Il d\u00e9veloppe un mod\u00e8le de football moderne en Afrique subsaharienne qui adopte un jeu bas\u00e9 sur la force physique, la vitesse et la discipline tactique. Il mise \u00e9galement sur le trio Ndombe Mubele (Al-Ahly du Qatar), Jordan Botaka (Charlton, Angleterre) et Dieumerci Mbokani (Hull City, Angleterre) qui forment les cartes gagnantes de cette \u00e9quipe. Les s\u00e9lections marocaine et de la RDC se sont rencontr\u00e9es \u00e0 10 reprises avec 2 victoires pour les Lions de l\u2019Atlas, 5 matchs nuls et 3 d\u00e9faites. Le dernier match ayant oppos\u00e9 les deux \u00e9quipes s\u2019est d\u00e9roul\u00e9 en 2017 \u00e0 l\u2019occasion de la CAN au Gabon, marqu\u00e9e par la d\u00e9faite des nationaux par 1-0 au titre de la premi\u00e8re journ\u00e9e du groupe C qui comprenait la C\u00f4te d\u2019Ivoire et le Togo.<\/p>\n<p>Rappelons que ces deux rencontres amicales s\u2019inscrivent dans le cadre des pr\u00e9paratifs des Lions de l\u2019Atlas pour la reprise des \u00e9liminatoires de la CAN-2021. L\u2019\u00e9quipe nationale doit accueillir son homologue de la Centrafrique pour le compte de la troisi\u00e8me journ\u00e9e du groupe E qui comprend \u00e9galement la Mauritanie et le Burundi. Le Maroc est en t\u00eate du classement avec quatre points apr\u00e8s un match nul contre la Mauritanie (0-0) et une victoire sur le Burundi (0-3). La Mauritanie compte \u00e9galement 4 points mais est rel\u00e9gu\u00e9e en deuxi\u00e8me place en raison du goal-average (+2 contre +3 pour le Maroc). La Centrafrique est troisi\u00e8me avec 3 points, devant le Burundi (0 pt).<br \/>Pour les 4\u00e8 et 5\u00e8 journ\u00e9es, les hommes de Halilhodzic se d\u00e9placeront en Mauritanie, avant d\u2019accueillir le Burundi.<\/p>\n<div class=\"base-box mom_box_sc_custom mom_box_sc clear c7\" readability=\"22\">\n<p><span class=\"c6\"><strong>Anas Zniti et Reda Tagnaouti convoqu\u00e9s<\/strong><\/span><\/p>\n<p><a href=\"https:http:\/\/aujourdhui.ma\/wp-content\/uploads\/2020\/10\/Anas-Zniti-et-Reda-Tagnaouti.jpg\"><img decoding=\"async\" loading=\"lazy\" class=\"size-full wp-image-357635 aligncenter\" src=\"http:\/\/aujourdhui.ma\/wp-content\/uploads\/2020\/10\/Anas-Zniti-et-Reda-Tagnaouti.jpg\" alt=\"\" width=\"746\" height=\"380\" srcset=\"http:\/\/aujourdhui.ma\/wp-content\/uploads\/2020\/10\/Anas-Zniti-et-Reda-Tagnaouti.jpg 746w, \/\/aujourdhui.ma\/wp-content\/uploads\/2020\/10\/Anas-Zniti-et-Reda-Tagnaouti-300x153.jpg 300w, \/\/aujourdhui.ma\/wp-content\/uploads\/2020\/10\/Anas-Zniti-et-Reda-Tagnaouti-274x140.jpg 274w, \/\/aujourdhui.ma\/wp-content\/uploads\/2020\/10\/Anas-Zniti-et-Reda-Tagnaouti-165x84.jpg 165w, \/\/aujourdhui.ma\/wp-content\/uploads\/2020\/10\/Anas-Zniti-et-Reda-Tagnaouti-702x358.jpg 702w\" sizes=\"auto, (max-width: 746px) 100vw, 746px\"\/><\/a><\/p>\n<p>Le s\u00e9lectionneur national Vahid Halilhodzic a convoqu\u00e9 les gardiens de but Anas Zniti et Ahmed Reda Tagnaouti en pr\u00e9vision du match amical devant opposer ce mardi l\u2019\u00e9quipe nationale de football \u00e0 son homologue de la R\u00e9publique D\u00e9mocratique du Congo (RDC), au complexe sportif Prince Moulay Abdellah \u00e0 Rabat (19h). Zniti, aur\u00e9ol\u00e9 de son titre de champion du Maroc glan\u00e9 dimanche soir avec le Raja de Casablanca, et Reda Tagnaouti, portier du Wydad de Casablanca, ont rejoint le stage de pr\u00e9paration des Lions de l\u2019Atlas au complexe Mohammed VI de football \u00e0 Maamora (Sal\u00e9), indique un communiqu\u00e9 de la F\u00e9d\u00e9ration royale marocaine de football (FRMD), publi\u00e9 sur son site officiel. Les Lions de l\u2019Atlas, en pr\u00e9paration pour les prochaines \u00e9ch\u00e9ances, s\u2019appr\u00eatent \u00e0 disputer leur deuxi\u00e8me match amical en moins d\u2019une semaine. Vendredi dernier, ils avaient pris le meilleur \u00e0 Rabat sur les Lions de la T\u00e9ranga s\u00e9n\u00e9galais sur le score de 3 buts \u00e0 1.<\/p>\n<\/div>\n<p>Auteur: Hakim Bahechar<br \/>\n<a href=\"https:\/\/aujourdhui.ma\/sports\/deuxieme-test-pour-les-lions-de-latlas\">Cliquez ici pour lire l&rsquo;article depuis sa source.<\/a><\/p>\n","protected":false},"excerpt":{"rendered":"<p>Ils croiseront le fer en amical avec les L\u00e9opards de la RDC L\u2019\u00e9quipe nationale a r\u00e9ussi vendredi son premier galop d\u2019essai face au S\u00e9n\u00e9gal. Elle a r\u00e9ussi \u00e0 dompter les Lions de la T\u00e9ranga (3-1), vendredi au Complexe Prince Moulay Abdellah, en match amical qui s\u2019inscrit dans le cadre de la pr\u00e9paration du onze national [&hellip;]<\/p>\n","protected":false},"author":1759,"featured_media":101477,"comment_status":"closed","ping_status":"closed","sticky":false,"template":"","format":"standard","meta":{"fifu_image_url":"","fifu_image_alt":"","footnotes":""},"categories":[73,54],"tags":[],"class_list":["post-101476","post","type-post","status-publish","format-standard","has-post-thumbnail","hentry","category-actualite","category-maroc"],"_links":{"self":[{"href":"https:\/\/linitiative.ca\/International\/wp-json\/wp\/v2\/posts\/101476","targetHints":{"allow":["GET"]}}],"collection":[{"href":"https:\/\/linitiative.ca\/International\/wp-json\/wp\/v2\/posts"}],"about":[{"href":"https:\/\/linitiative.ca\/International\/wp-json\/wp\/v2\/types\/post"}],"author":[{"embeddable":true,"href":"https:\/\/linitiative.ca\/International\/wp-json\/wp\/v2\/users\/1759"}],"replies":[{"embeddable":true,"href":"https:\/\/linitiative.ca\/International\/wp-json\/wp\/v2\/comments?post=101476"}],"version-history":[{"count":0,"href":"https:\/\/linitiative.ca\/International\/wp-json\/wp\/v2\/posts\/101476\/revisions"}],"wp:featuredmedia":[{"embeddable":true,"href":"https:\/\/linitiative.ca\/International\/wp-json\/"}],"wp:attachment":[{"href":"https:\/\/linitiative.ca\/International\/wp-json\/wp\/v2\/media?parent=101476"}],"wp:term":[{"taxonomy":"category","embeddable":true,"href":"https:\/\/linitiative.ca\/International\/wp-json\/wp\/v2\/categories?post=101476"},{"taxonomy":"post_tag","embeddable":true,"href":"https:\/\/linitiative.ca\/International\/wp-json\/wp\/v2\/tags?post=101476"}],"curies":[{"name":"wp","href":"https:\/\/api.w.org\/{rel}","templated":true}]}}