{"id":101478,"date":"2020-10-12T11:00:03","date_gmt":"2020-10-12T15:00:03","guid":{"rendered":"https:\/\/linitiative.ca\/International\/le-paradoxe-marocain-un-pays-jeune-sans-sa-jeunesse\/"},"modified":"2020-10-12T11:00:03","modified_gmt":"2020-10-12T15:00:03","slug":"le-paradoxe-marocain-un-pays-jeune-sans-sa-jeunesse","status":"publish","type":"post","link":"https:\/\/linitiative.ca\/International\/le-paradoxe-marocain-un-pays-jeune-sans-sa-jeunesse\/","title":{"rendered":"Le paradoxe marocain : Un pays jeune sans sa jeunesse !"},"content":{"rendered":"<p><img decoding=\"async\" class=\"post_layout_5_img\" src=\"https:\/\/aujourdhui.ma\/wp-content\/uploads\/2016\/10\/Maladie-mentale-Bipolaires-schizophrenes.jpg\" alt=\"Le paradoxe marocain : Un pays jeune sans sa jeunesse !\"\/><\/p>\n<p><span class=\"c5\"><strong>10 octobre, c\u00e9l\u00e9bration de la journ\u00e9e mondiale pour la sant\u00e9 psychique<\/strong><\/span><span id=\"more-357611\"\/><\/p>\n<p><a href=\"https:\/\/aujourdhui.ma\/wp-content\/uploads\/2020\/10\/Khadija-El-Gour.jpg\"><img decoding=\"async\" loading=\"lazy\" class=\" wp-image-357621\" src=\"https:\/\/aujourdhui.ma\/wp-content\/uploads\/2020\/10\/Khadija-El-Gour.jpg\" alt=\"\" width=\"208\" height=\"212\" srcset=\"\/\/aujourdhui.ma\/wp-content\/uploads\/2020\/10\/Khadija-El-Gour.jpg 373w, \/\/aujourdhui.ma\/wp-content\/uploads\/2020\/10\/Khadija-El-Gour-294x300.jpg 294w, \/\/aujourdhui.ma\/wp-content\/uploads\/2020\/10\/Khadija-El-Gour-36x36.jpg 36w\" sizes=\"auto, (max-width: 208px) 100vw, 208px\"\/><\/a><span class=\"c6\"><strong>Par Khadija El Gour (*)<\/strong><\/span><\/p>\n<p>La Journ\u00e9e mondiale pour la sant\u00e9 psychique que nous c\u00e9l\u00e9brons le 10 octobre de chaque ann\u00e9e est tomb\u00e9e cette ann\u00e9e 2020 en pleine \u00e9pid\u00e9mie de la Covid-19 qui impacte l\u2019ensemble de la population de la plan\u00e8te, de ses souffrances et de ses difficult\u00e9s g\u00e9n\u00e9ralis\u00e9es. Ce contexte affecte dans notre pays de mani\u00e8re encore plus marqu\u00e9e les cohortes de jeunes dont la marge de libert\u00e9 d\u2019agir et de se mouvoir se trouve particuli\u00e8rement limit\u00e9e et entrav\u00e9e. Les effets psychologiques d\u00e9l\u00e9t\u00e8res de cette situation in\u00e9dite, qui se trouve ainsi exacerb\u00e9e, aggrave tout particuli\u00e8rement la condition des personnalit\u00e9s d\u00e9j\u00e0 fragilis\u00e9es par des conditions de vie souvent pr\u00e9caires et empreintes de frustrations sur tous les plans et au quotidien. Ainsi, l\u00e0 o\u00f9 l\u2019espoir \u00e0 cet \u00e2ge permet de r\u00eaver une soci\u00e9t\u00e9 id\u00e9ale, penser un avenir meilleur, dessiner des horizons avec un ailleurs prometteur. La multiplication des interdits et des frustrations que cette composante de notre soci\u00e9t\u00e9 doit subir avec une totale absence \u00e0 la fois de la consid\u00e9ration qu\u2019ils m\u00e9ritent ainsi que l\u2019\u00e9coute attentive qu\u2019on se doit de leur accorder.<\/p>\n<p>Les observatoires sp\u00e9cialis\u00e9s, de par toutes leurs \u00e9tudes fines, constatent le triste r\u00e9sultat pour notre jeunesse. En effet, c\u2019est elle qui paie le plus lourd tribu en termes de marginalisations, manifestations de troubles psychologiques, de violences actives ou passives ainsi que des taux de toxicomanie et de suicide bien au-dessus de la moyenne nationale sur toute une population.<br \/>Nous d\u00e9plorons l\u2019absence totale de toute r\u00e9ponse politique adapt\u00e9e \u00e0 ces centaines de milliers de jeunes filles et gar\u00e7ons, abandonn\u00e9(e)s, livr\u00e9.e.s aux trafiquants de drogues, aux multiples formes d\u2019addictions, aux endoctrinements de tout bord.<br \/>Sans lieu d\u2019accueil dans des structures sp\u00e9cialis\u00e9es, ces jeunes en errance dans les rues des grandes villes basculent.<br \/>Nous avons besoin de mettre en place des structures et des dynamiques pour canaliser les \u00e9nergies des jeunes vers des activit\u00e9s productives et cr\u00e9atives en fonction de leurs passions et de leur ressenti sur les plans collectif et individuel. Il devient aussi imp\u00e9ratif de r\u00e9inventer un nouveau langage et une nouvelle approche de communication avec une nouvelle g\u00e9n\u00e9ration n\u00e9e connect\u00e9e au monde gr\u00e2ce aux nouvelles technologies de communication, une nouvelle g\u00e9n\u00e9ration qui a une nouvelle vision du monde et de nouvelles aspirations largement diff\u00e9rentes des n\u00f4tres.<br \/>Il est un postulat sur lequel l\u2019accord est anonyme, l\u2019avenir d\u2019un pays, et cela est encore plus vrai pour notre pays, celui-ci ne peut \u00eatre, ni pens\u00e9, ni r\u00eav\u00e9 sans ses jeunes. Ils doivent \u00eatre au c\u0153ur de nos projets politiques et de toute prospective d\u2019avenir. Le Maroc de demain sera avec eux ou ne sera pas.<\/p>\n<p>Les effets d\u2019annonce d\u2019un jour doivent laisser la place \u00e0 l\u2019action v\u00e9ritable et \u00e0 une politique ambitieuse pour les jeunes de notre pays, c\u2019est \u00e0 cela que nous devons consacrer sans rel\u00e2che toute notre \u00e9nergie pour que la r\u00e9ussite de notre pays soit au bout du chemin.<br \/>AGISSONS sans attendre !!!!!<\/p>\n<p><span class=\"c6\">(*) Sociologue, experte aupr\u00e8s du R\u00e9seau marocain de l\u2019alliance civile des jeunes.<\/span><\/p>\n<p>Auteur: ALM<br \/>\n<a href=\"https:\/\/aujourdhui.ma\/societe\/le-paradoxe-marocain-un-pays-jeune-sans-sa-jeunesse\">Cliquez ici pour lire l&rsquo;article depuis sa source.<\/a><\/p>\n","protected":false},"excerpt":{"rendered":"<p>10 octobre, c\u00e9l\u00e9bration de la journ\u00e9e mondiale pour la sant\u00e9 psychique Par Khadija El Gour (*) La Journ\u00e9e mondiale pour la sant\u00e9 psychique que nous c\u00e9l\u00e9brons le 10 octobre de chaque ann\u00e9e est tomb\u00e9e cette ann\u00e9e 2020 en pleine \u00e9pid\u00e9mie de la Covid-19 qui impacte l\u2019ensemble de la population de la plan\u00e8te, de ses souffrances [&hellip;]<\/p>\n","protected":false},"author":1759,"featured_media":101479,"comment_status":"closed","ping_status":"closed","sticky":false,"template":"","format":"standard","meta":{"fifu_image_url":"","fifu_image_alt":"","footnotes":""},"categories":[73,54],"tags":[],"class_list":["post-101478","post","type-post","status-publish","format-standard","has-post-thumbnail","hentry","category-actualite","category-maroc"],"_links":{"self":[{"href":"https:\/\/linitiative.ca\/International\/wp-json\/wp\/v2\/posts\/101478","targetHints":{"allow":["GET"]}}],"collection":[{"href":"https:\/\/linitiative.ca\/International\/wp-json\/wp\/v2\/posts"}],"about":[{"href":"https:\/\/linitiative.ca\/International\/wp-json\/wp\/v2\/types\/post"}],"author":[{"embeddable":true,"href":"https:\/\/linitiative.ca\/International\/wp-json\/wp\/v2\/users\/1759"}],"replies":[{"embeddable":true,"href":"https:\/\/linitiative.ca\/International\/wp-json\/wp\/v2\/comments?post=101478"}],"version-history":[{"count":0,"href":"https:\/\/linitiative.ca\/International\/wp-json\/wp\/v2\/posts\/101478\/revisions"}],"wp:featuredmedia":[{"embeddable":true,"href":"https:\/\/linitiative.ca\/International\/wp-json\/"}],"wp:attachment":[{"href":"https:\/\/linitiative.ca\/International\/wp-json\/wp\/v2\/media?parent=101478"}],"wp:term":[{"taxonomy":"category","embeddable":true,"href":"https:\/\/linitiative.ca\/International\/wp-json\/wp\/v2\/categories?post=101478"},{"taxonomy":"post_tag","embeddable":true,"href":"https:\/\/linitiative.ca\/International\/wp-json\/wp\/v2\/tags?post=101478"}],"curies":[{"name":"wp","href":"https:\/\/api.w.org\/{rel}","templated":true}]}}