{"id":101480,"date":"2020-10-12T11:03:50","date_gmt":"2020-10-12T15:03:50","guid":{"rendered":"https:\/\/linitiative.ca\/International\/transport-aerien-ryanair-reprend-ses-vols-vers-marrakech-agadir-et-oujda\/"},"modified":"2020-10-12T11:03:50","modified_gmt":"2020-10-12T15:03:50","slug":"transport-aerien-ryanair-reprend-ses-vols-vers-marrakech-agadir-et-oujda","status":"publish","type":"post","link":"https:\/\/linitiative.ca\/International\/transport-aerien-ryanair-reprend-ses-vols-vers-marrakech-agadir-et-oujda\/","title":{"rendered":"Transport  a\u00e9rien : Ryanair reprend ses vols vers Marrakech, Agadir et Oujda"},"content":{"rendered":"<header>\n<div class=\"entry-post-meta\">\n<div class=\"author-link\">Publi\u00e9 par <a itemprop=\"author\" itemscope=\"\" itemtype=\"https:\/\/schema.org\/Person\" href=\"https:\/\/aujourdhui.ma\/author\/kaid\" rel=\"author\"><span itemprop=\"name\">ALM<\/span><\/a><\/div>\n<p>Date\u00a0:<time content=\"2020-10-12T16:03:50+01:00\" class=\"entry-date updated\" datetime=\"2020-10-12T16:03:50+01:00\">octobre 12, 2020<\/time><\/p>\n<div class=\"entry-cat\">dans:<a href=\"https:\/\/aujourdhui.ma\/category\/economie\" rel=\"category tag\">Economie<\/a><\/div>\n<p>19Vues<\/p>\n<\/div>\n<\/header>\n<div class=\"entry-content clearfix\" readability=\"49\"><img decoding=\"async\" class=\"post_layout_5_img\" src=\"http:\/\/aujourdhui.ma\/wp-content\/uploads\/2018\/08\/Ryanair.jpg\" alt=\"Transport a&#xE9;rien : Ryanair reprend ses vols vers Marrakech, Agadir et Oujda\"\/><\/p>\n<p>L\u2019Office national marocain du tourisme vient d\u2019annoncer qu\u2019\u00e0 compter du 11 octobre, la compagnie a\u00e9rienne Ryanair reprend ses vols en direction du Maroc \u00e0 raison de 23 vols programm\u00e9s sur les 2 prochaines semaines et qui concernent, pour l\u2019instant, 3 destinations marocaines, \u00e0 savoir Marrakech, qui se voit reconnect\u00e9e avec Paris, Bruxelles, Liverpool et Manchester, Agadir, qui est \u00e0 nouveau reli\u00e9e directement \u00e0 Bruxelles et Manchester, et Oujda qui retrouve un vol direct sur Paris.<\/p>\n<p>Des discussions sont en cours afin que le programme de Ryanair sur le Maroc s\u2019\u00e9toffe encore plus d\u00e8s le mois de novembre prochain. D\u2019autres compagnies sont sur le point de reprendre \u00e9galement leurs vols sur le Maroc.<\/p>\n<\/div>\n<p>Auteur: ALM<br \/>\n<a href=\"https:\/\/aujourdhui.ma\/economie\/transport-aerien-ryanair-reprend-ses-vols-vers-marrakech-agadir-et-oujda\">Cliquez ici pour lire l&rsquo;article depuis sa source.<\/a><\/p>\n","protected":false},"excerpt":{"rendered":"<p>Publi\u00e9 par ALM Date\u00a0:octobre 12, 2020 dans:Economie 19Vues L\u2019Office national marocain du tourisme vient d\u2019annoncer qu\u2019\u00e0 compter du 11 octobre, la compagnie a\u00e9rienne Ryanair reprend ses vols en direction du Maroc \u00e0 raison de 23 vols programm\u00e9s sur les 2 prochaines semaines et qui concernent, pour l\u2019instant, 3 destinations marocaines, \u00e0 savoir Marrakech, qui se [&hellip;]<\/p>\n","protected":false},"author":1759,"featured_media":101481,"comment_status":"closed","ping_status":"closed","sticky":false,"template":"","format":"standard","meta":{"fifu_image_url":"","fifu_image_alt":"","footnotes":""},"categories":[73,54],"tags":[],"class_list":["post-101480","post","type-post","status-publish","format-standard","has-post-thumbnail","hentry","category-actualite","category-maroc"],"_links":{"self":[{"href":"https:\/\/linitiative.ca\/International\/wp-json\/wp\/v2\/posts\/101480","targetHints":{"allow":["GET"]}}],"collection":[{"href":"https:\/\/linitiative.ca\/International\/wp-json\/wp\/v2\/posts"}],"about":[{"href":"https:\/\/linitiative.ca\/International\/wp-json\/wp\/v2\/types\/post"}],"author":[{"embeddable":true,"href":"https:\/\/linitiative.ca\/International\/wp-json\/wp\/v2\/users\/1759"}],"replies":[{"embeddable":true,"href":"https:\/\/linitiative.ca\/International\/wp-json\/wp\/v2\/comments?post=101480"}],"version-history":[{"count":0,"href":"https:\/\/linitiative.ca\/International\/wp-json\/wp\/v2\/posts\/101480\/revisions"}],"wp:featuredmedia":[{"embeddable":true,"href":"https:\/\/linitiative.ca\/International\/wp-json\/"}],"wp:attachment":[{"href":"https:\/\/linitiative.ca\/International\/wp-json\/wp\/v2\/media?parent=101480"}],"wp:term":[{"taxonomy":"category","embeddable":true,"href":"https:\/\/linitiative.ca\/International\/wp-json\/wp\/v2\/categories?post=101480"},{"taxonomy":"post_tag","embeddable":true,"href":"https:\/\/linitiative.ca\/International\/wp-json\/wp\/v2\/tags?post=101480"}],"curies":[{"name":"wp","href":"https:\/\/api.w.org\/{rel}","templated":true}]}}