{"id":101484,"date":"2020-10-12T10:43:48","date_gmt":"2020-10-12T14:43:48","guid":{"rendered":"https:\/\/linitiative.ca\/International\/%ef%bb%bfque-se-passe-t-il-au-nagorny-karabakh\/"},"modified":"2020-10-12T10:43:48","modified_gmt":"2020-10-12T14:43:48","slug":"%ef%bb%bfque-se-passe-t-il-au-nagorny-karabakh","status":"publish","type":"post","link":"https:\/\/linitiative.ca\/International\/%ef%bb%bfque-se-passe-t-il-au-nagorny-karabakh\/","title":{"rendered":"\ufeffQue se passe-t-il au Nagorny-Karabakh?"},"content":{"rendered":"<p class=\"has-text-color has-vivid-red-color c2\"><strong>Arm\u00e9nie-Azerba\u00efdjan<\/strong><\/p>\n<p class=\"c3\"><strong>\u00a0Nabil El Bousaadi<\/strong><\/p>\n<p class=\"has-text-color has-vivid-cyan-blue-color\"><strong>Avec une population d\u2019environ 150.000 habitants, une superficie de 11.430 kilom\u00e8tres carr\u00e9s et appel\u00e9 Nagorny-Karabakh par les uns, Haut-Karabakh par les autres, voire m\u00eame \u00abR\u00e9publique d\u2019Artsakh\u00bb par certains mais refusant fermement d\u2019\u00eatre int\u00e9gr\u00e9e \u00e0 l\u2019Azerba\u00efdjan turcophone et musulman, cette r\u00e9gion montagneuse du sud du Caucase qui appartient \u00e0 l\u2019Azerba\u00efdjan mais que se disputent aujourd\u2019hui Bakou et Erevan, n\u2019en est pas, n\u00e9anmoins, moins arm\u00e9nienne par son histoire, sa culture et son peuplement.<\/strong><\/p>\n<p>Si donc, du point de vue du droit international, ce territoire appartient \u00e0 l\u2019Azerba\u00efdjan, force est de reconna\u00eetre que, de part sa situation topographique qui en fait un carrefour entre plusieurs plateaux, il a subi, tout au long de son histoire, les invasions assyriennes, scythes, m\u00e8des, babyloniennes, parthes, perses, romaines, arabes, turques, mongoles et, enfin, russes. Et si, par ailleurs, cette r\u00e9gion a abrit\u00e9 pendant tr\u00e8s longtemps la tribu des Ha\u00efks \u2013 nom ancestral des arm\u00e9niens \u2013 il convient de rappeler que la ville de Tigranakert y avait \u00e9t\u00e9 fond\u00e9e, au 1<sup>er<\/sup>\u00a0si\u00e8cle avant-JC, en l\u2019honneur du roi arm\u00e9nien Tigrane 1<sup>er<\/sup>.<\/p>\n<p>Mais si, ces derniers jours et notamment depuis le 4 Octobre, la communaut\u00e9 internationale a les yeux riv\u00e9s sur ce plateau o\u00f9 d\u2019incessants bombardements ont lieu entre l\u2019arm\u00e9e az\u00e9rie et les\u00a0\u00a0forces s\u00e9paratistes soutenues par l\u2019Arm\u00e9nie sur une zone de guerre qui en s\u2019\u00e9largissant chaque jour un peu plus a pouss\u00e9 les 55.000 habitants de la capitale, Stepanakert, \u00e0 se r\u00e9fugier dans les sous-sols de la ville, il faudrait situer l\u2019origine de ce conflit, \u00e0 la cr\u00e9ation de l\u2019URSS et principalement \u00e0 l\u2019ann\u00e9e 1921 lorsque Staline, voulant donner naissance au plus grand Etat f\u00e9d\u00e9ral transcontinental communiste, avait d\u00e9cid\u00e9, par la d\u00e9cision du 5 Juillet 1921, du Bureau caucasien du P.C.U.S., de rattacher la r\u00e9gion du Haut-Karabakh \u2013 dont la population est majoritairement arm\u00e9nienne chr\u00e9tienne\u00a0\u00a0\u2013 \u00e0 l\u2019Azerba\u00efdjan dont les habitants sont, pour la plupart, de confession musulmane chiite et de couper, ainsi, tous liens entre l\u2019Arm\u00e9nie et son territoire du Haut-Karabakh.<\/p>\n<p>Ce \u00abmariage forc\u00e9\u00bb va durer jusqu\u2019\u00e0 cette ann\u00e9e 1988 lorsque la \u00abPerestro\u00efka\u00bb initi\u00e9e par Gorbatchev et le climat \u00ab\u00a0lib\u00e9ral\u00bb qu\u2019elle avait engendr\u00e9 vont permettre aux dirigeants du Haut-Karabakh de voter leur \u00abs\u00e9paration\u00bb de l\u2019Azerba\u00efdjan et leur \u00abrattachement\u00bb \u00e0 l\u2019Arm\u00e9nie car, en ne r\u00e9pondant \u00e0 aucune r\u00e9alit\u00e9 socio-culturelle l\u2019enclavement du Haut-Karabakh avait fait de ce territoire \u00abune prison \u00e0 ciel ouvert laiss\u00e9e volontairement \u00e0 l\u2019abandon pendant soixante-dix ans\u00bb dirons certains analystes. Aussi, l\u2019effondrement de l\u2019URSS, en 1991, lui donnera-t-il l\u2019occasion de proclamer unilat\u00e9ralement son ind\u00e9pendance et m\u00eame d\u2019envoyer ses soldats \u00aboccuper des districts de l\u2019Azerba\u00efdjan\u00bb qui n\u2019en avaient jamais fait partie, comme le rappellera Jean Radvanyi, g\u00e9ographe sp\u00e9cialiste du Caucase et professeur \u00e0 l\u2019Institut national des langues et civilisations orientales de Paris (INALCO).<\/p>\n<p>La violence des affrontements qui \u00e9clateront, alors, entre les deux arm\u00e9es fera pr\u00e8s de 30.000 morts et plusieurs centaines de milliers de r\u00e9fugi\u00e9s.<\/p>\n<p>Aussi, pour mettre un terme \u00e0 ce conflit et lui trouver une issue pacifique, alors que le 20 Septembre 1992, le Parlement du Haut-Karabakh avait mis le monde entier face \u00e0 un dilemme en demandant son adh\u00e9sion \u00e0 l\u2019ONU et en poussant, ainsi, les instances internationales soit \u00e0 r\u00e9parer les erreurs de l\u2019Histoire soit \u00e0 fermer officiellement les yeux, l\u2019Organisation pour la S\u00e9curit\u00e9 et la Coop\u00e9ration en Europe (OSCE) d\u00e9cidera de cr\u00e9er le \u00ab\u00a0Groupe de Minsk\u00a0\u00bb, une organisation copr\u00e9sid\u00e9e par la France, les Etats-Unis et la Russie qui, sans parvenir \u00e0 r\u00e9soudre durablement ce contentieux territorial, parviendra, n\u00e9anmoins, en 1994, \u00e0 imposer,\u00a0\u00a0entre les deux parties, un cessez-le feu qui durera jusqu\u2019en 2016 lorsqu\u2019une attaque perp\u00e9tr\u00e9e par l\u2019arm\u00e9e az\u00e9rie lancera la \u00ab\u00a0guerre des Quatre jours\u00a0\u00bb qui se soldera par pr\u00e8s d\u2019une centaine de morts.<\/p>\n<p>Aussi, apr\u00e8s plus de dix heures de n\u00e9gociation tenues, sous l\u2019\u00e9gide de Moscou, en r\u00e9ponse aux multiples appels de la communaut\u00e9 internationale et notamment celui du Groupe de Minsk, l\u2019Azerba\u00efdjan et l\u2019Arm\u00e9nie se sont accord\u00e9s, ce samedi, sur un cessez-le-feu \u00e0 partir de midi et\u00a0\u00a0sur un \u00e9change de prisonniers. Et si, dans la foul\u00e9e, le pr\u00e9sident Poutine s\u2019est entretenu, le jour-m\u00eame, avec son homologue iranien Hassan Rouhani, des efforts de m\u00e9diation entrepris par Moscou, la Turquie, principal alli\u00e9 de Bakou, a d\u00e9clar\u00e9 que si le cessez-le-feu est \u00abun premier pas important (il) ne constitue pas une solution permanente\u00bb; ce qui a pouss\u00e9 l\u2019Azerba\u00efdjan \u00e0 annoncer que ses op\u00e9rations militaires ne cesseront d\u00e9finitivement qu\u2019en cas de retrait arm\u00e9nien du Nagorny Karabakh. En cons\u00e9quence, d\u00e8s le dimanche matin, les deux bellig\u00e9rants se sont accus\u00e9s mutuellement de violer la tr\u00eave.<\/p>\n<p>Mais, \u00e0 qui \u00abappartiendrait\u00a0\u00bb donc le Haut-Karabakh sachant que si, sur le terrain, deux arm\u00e9es s\u2019y affrontent, deux principes s\u2019y opposent au regard du Droit international; \u00e0 savoir, d\u2019un c\u00f4t\u00e9, \u00abl\u2019intangibilit\u00e9 des fronti\u00e8res internationales\u00bb qui voudrait que les territoires aujourd\u2019hui contest\u00e9s appartiennent \u00e0 l\u2019Azerba\u00efdjan et, de l\u2019autre,\u00a0\u00a0\u00able droit des peuples \u00e0 l\u2019autod\u00e9termination\u00bb que les arm\u00e9niens brandissent bien haut au motif qu\u2019ils sont majoritaires dans cette r\u00e9gion depuis tr\u00e8s longtemps et, qu\u2019\u00e0 ce titre, ils ont l\u2019enti\u00e8re latitude de r\u00e9clamer leur \u00abind\u00e9pendance\u00bb ou leur \u00abrattachement \u00e0 l\u2019Arm\u00e9nie\u00bb?<\/p>\n<p>Enfin, si, au vu de tout cela, il semble bien difficile, pour l\u2019heure, d\u2019envisager une paix durable et d\u00e9finitive dans la r\u00e9gion tant les points de vue des uns et des autres sont \u00e9loign\u00e9s, attendons pour voir\u2026<\/p>\n<p>Auteur: M&rsquo;hammed rahal<br \/>\n<a href=\"http:\/\/albayane.press.ma\/%EF%BB%BFque-se-passe-t-il-au-nagorny-karabakh.html\">Cliquez ici pour lire l&rsquo;article depuis sa source.<\/a><\/p>\n","protected":false},"excerpt":{"rendered":"<p>Arm\u00e9nie-Azerba\u00efdjan \u00a0Nabil El Bousaadi Avec une population d\u2019environ 150.000 habitants, une superficie de 11.430 kilom\u00e8tres carr\u00e9s et appel\u00e9 Nagorny-Karabakh par les uns, Haut-Karabakh par les autres, voire m\u00eame \u00abR\u00e9publique d\u2019Artsakh\u00bb par certains mais refusant fermement d\u2019\u00eatre int\u00e9gr\u00e9e \u00e0 l\u2019Azerba\u00efdjan turcophone et musulman, cette r\u00e9gion montagneuse du sud du Caucase qui appartient \u00e0 l\u2019Azerba\u00efdjan mais que [&hellip;]<\/p>\n","protected":false},"author":1760,"featured_media":0,"comment_status":"closed","ping_status":"closed","sticky":false,"template":"","format":"standard","meta":{"fifu_image_url":"","fifu_image_alt":"","footnotes":""},"categories":[73,54],"tags":[],"class_list":["post-101484","post","type-post","status-publish","format-standard","hentry","category-actualite","category-maroc"],"_links":{"self":[{"href":"https:\/\/linitiative.ca\/International\/wp-json\/wp\/v2\/posts\/101484","targetHints":{"allow":["GET"]}}],"collection":[{"href":"https:\/\/linitiative.ca\/International\/wp-json\/wp\/v2\/posts"}],"about":[{"href":"https:\/\/linitiative.ca\/International\/wp-json\/wp\/v2\/types\/post"}],"author":[{"embeddable":true,"href":"https:\/\/linitiative.ca\/International\/wp-json\/wp\/v2\/users\/1760"}],"replies":[{"embeddable":true,"href":"https:\/\/linitiative.ca\/International\/wp-json\/wp\/v2\/comments?post=101484"}],"version-history":[{"count":0,"href":"https:\/\/linitiative.ca\/International\/wp-json\/wp\/v2\/posts\/101484\/revisions"}],"wp:attachment":[{"href":"https:\/\/linitiative.ca\/International\/wp-json\/wp\/v2\/media?parent=101484"}],"wp:term":[{"taxonomy":"category","embeddable":true,"href":"https:\/\/linitiative.ca\/International\/wp-json\/wp\/v2\/categories?post=101484"},{"taxonomy":"post_tag","embeddable":true,"href":"https:\/\/linitiative.ca\/International\/wp-json\/wp\/v2\/tags?post=101484"}],"curies":[{"name":"wp","href":"https:\/\/api.w.org\/{rel}","templated":true}]}}