{"id":101485,"date":"2020-10-12T10:47:21","date_gmt":"2020-10-12T14:47:21","guid":{"rendered":"https:\/\/linitiative.ca\/International\/%ef%bb%bfcovid-19-la-chine-va-depister-une-metropole-entiere\/"},"modified":"2020-10-12T10:47:21","modified_gmt":"2020-10-12T14:47:21","slug":"%ef%bb%bfcovid-19-la-chine-va-depister-une-metropole-entiere","status":"publish","type":"post","link":"https:\/\/linitiative.ca\/International\/%ef%bb%bfcovid-19-la-chine-va-depister-une-metropole-entiere\/","title":{"rendered":"\ufeffCovid-19 : la Chine va d\u00e9pister une m\u00e9tropole enti\u00e8re"},"content":{"rendered":"<p class=\"has-text-color has-vivid-red-color c2\"><strong>L\u2019Europe renforce les restrictions<\/strong><\/p>\n<p class=\"has-text-color c3\"><strong>La Chine m\u00e8ne lundi une campagne massive de d\u00e9pistage dans une importante ville portuaire apr\u00e8s la d\u00e9couverte de six cas de Covid-19, tandis que les pays europ\u00e9ens prennent des mesures drastiques face \u00e0 une nouvelle flamb\u00e9e des cas de contamination.<\/strong><\/p>\n<p>Les neuf millions d\u2019habitants de la m\u00e9tropole de Qingdao (est) seront soumis \u00e0 ces tests dans les cinq jours, apr\u00e8s la d\u00e9couverte dimanche de six cas d\u2019infection, alimentant les craintes d\u2019une r\u00e9surgence de l\u2019\u00e9pid\u00e9mie.<br \/>Selon les autorit\u00e9s sanitaires locales, toutes les personnes contamin\u00e9es semblent avoir un lien avec un h\u00f4pital de la ville qui traite des patients du Covid-19. Mais le foyer d\u2019infection n\u2019est pour le moment pas connu.<br \/>La d\u00e9couverte a entra\u00een\u00e9 dans la foul\u00e9e le d\u00e9pistage de quelque 143.000 personnes pour tenter d\u2019identifier les cas contact.<\/p>\n<p>Le pays asiatique, o\u00f9 le nouveau coronavirus a fait son apparition fin 2019, assure avoir depuis plusieurs mois endigu\u00e9 l\u2019\u00e9pid\u00e9mie sur son sol gr\u00e2ce \u00e0 de stricts contr\u00f4les, au port du masque g\u00e9n\u00e9ralis\u00e9, aux mesures de confinement et aux applications de tra\u00e7age.<\/p>\n<p>Depuis son apparition en Chine, la pand\u00e9mie a fait au moins 1.075.493 morts dans le monde selon un bilan \u00e9tabli par l\u2019AFP \u00e0 partir de sources officielles lundi matin.<\/p>\n<p>Face \u00e0 un regain de cas, le Royaume-Uni, pays le plus durement touc\u00e9 d\u2019Europe avec plus de 42.800 morts, se pr\u00e9pare \u00e0 durcir les restrictions, apr\u00e8s avoir enregistr\u00e9 dimanche pr\u00e8s de 13.000 nouveaux cas.<\/p>\n<p>Boris Johnson doit ainsi annoncer dans l\u2019apr\u00e8s-midi un nouveau syst\u00e8me avec trois niveaux d\u2019alerte qui d\u00e9terminera les mesures \u00e0 appliquer dans les r\u00e9gions anglaises selon la propagation du nouveau coronavirus.<\/p>\n<p>Le Premier ministre britannique s\u2019exprimera \u00e0 la Chambre des Communes, la chambre basse du parlement, avant de s\u2019adresser \u00e0 la nation lors d\u2019une conf\u00e9rence de presse t\u00e9l\u00e9vis\u00e9e.<\/p>\n<p>Le nouveau syst\u00e8me d\u2019alerte pr\u00e9voit de diviser l\u2019Angleterre en diff\u00e9rents niveaux d\u2019alerte, \u00abmoyen\u00bb, \u00ab\u00e9lev\u00e9\u00bb et \u00abtr\u00e8s \u00e9lev\u00e9\u00bb, selon la diffusion du virus, ce qui d\u00e9terminera les mesures \u00e0 appliquer localement.<\/p>\n<p>\u00abC\u2019est un moment critique et il est absolument vital que chacun suive les directives claires que nous avons donn\u00e9es pour aider \u00e0 contenir le virus\u00bb, a d\u00e9clar\u00e9 un porte-parole de Downing Street.<\/p>\n<p>En France, deux nouvelles grandes villes, Toulouse et Montpellier dans le Sud vont \u00eatre plac\u00e9es \u00e0 partir de mardi en \u00abalerte maximale\u00bb, ont annonc\u00e9 les autorit\u00e9s.<\/p>\n<p>Les nouvelles contaminations (plus de 16.000 au cours des derni\u00e8res 24 heures) ne cessent d\u2019augmenter, de m\u00eame que les admissions en r\u00e9animation (1.483 patients dimanche, un record depuis mai).<\/p>\n<p>Le Premier ministre Jean Castex n\u2019a pas exclu lundi de proc\u00e9der \u00e0 des reconfinements dans certaines r\u00e9gions, estimant que \u00abrien ne doit \u00eatre exclu quand on voit la situation dans nos h\u00f4pitaux\u00bb.<\/p>\n<p>Et deux r\u00e9gions espagnoles frontali\u00e8res de la France, la Catalogne et la Navarre, vont renforcer leurs restrictions \u00e0 partir de mardi.<\/p>\n<p>Les r\u00e9unions seront notamment limit\u00e9es \u00e0 six personnes en Navarre, tandis que bars et restaurants vont devoir fermer \u00e0 22H. Cin\u00e9mas, th\u00e9\u00e2tres et librairies devront r\u00e9duire leur fr\u00e9quentation \u00e0 30% et les supermarch\u00e9s \u00e0 40%.<\/p>\n<p>En Catalogne, les autorit\u00e9s ont appel\u00e9 les entreprises \u00e0 encourager le t\u00e9l\u00e9travail et les universit\u00e9s \u00e0 \u00e9viter les cours pr\u00e9sentiels.<\/p>\n<p>En revanche, l\u2019Italie, premier pays touch\u00e9 en Europe, envisage d\u2019all\u00e9ger son protocole sanitaire anti-Covid-19 en r\u00e9duisant notamment la quarantaine \u00e0 dix jours.<\/p>\n<p>Au total, plus de 37,4 millions de cas d\u2019infection ont \u00e9t\u00e9 officiellement diagnostiqu\u00e9s dont au moins 25.827.919 sont gu\u00e9ris, selon un bilan \u00e9tabli par l\u2019AFP lundi.<\/p>\n<p>L\u2019Inde a franchi dimanche le seuil des 7 millions de cas, un chiffre qui se rapproche de celui atteint par les Etats-Unis.<\/p>\n<p>Mais les Etats-Unis restent le pays le plus endeuill\u00e9, avec plus de 214.000 d\u00e9c\u00e8s, et 7,7 millions de cas dont Donald Trump lui-m\u00eame. Le pr\u00e9sident am\u00e9ricain, 74 ans, s\u2019est d\u00e9clar\u00e9 dimanche \u00abimmunis\u00e9\u00bb contre le Covid-19, apr\u00e8s avoir \u00e9t\u00e9 hospitalis\u00e9 la semaine derni\u00e8re.<\/p>\n<p>\u00abIl semble que je sois immunis\u00e9, pour \u2013 je ne sais pas \u2013 peut-\u00eatre une longue p\u00e9riode, peut-\u00eatre une courte p\u00e9riode, peut-\u00eatre pour la vie. Personne ne sait vraiment mais je suis immunis\u00e9\u00bb, a-t-il d\u00e9clar\u00e9.<br \/>Il entame lundi un marathon de meetings avec l\u2019espoir de rattraper son retard sur Joe Biden d\u2019ici l\u2019\u00e9lection du 3 novembre.<\/p>\n<p>La question de l\u2019immunit\u00e9 face au Covid-19 reste cependant entour\u00e9e de nombreuses inconnues: on ne conna\u00eet pas avec pr\u00e9cision le degr\u00e9 de protection qu\u2019offrent les anticorps, ni la dur\u00e9e d\u2019une \u00e9ventuelle immunit\u00e9.<\/p>\n<p>Et une nouvelle \u00e9tude a r\u00e9v\u00e9l\u00e9 lundi que le coronavirus \u00e0 l\u2019origine de la pand\u00e9mie de Covid-19 peut, dans un milieu frais et sombre, survivre jusqu\u2019\u00e0 28 jours sur des surfaces telles que des t\u00e9l\u00e9phones et billets de banque.<br \/>Selon une \u00e9tude de l\u2019agence scientifique nationale australienne (CSIRO), les chercheurs ont constat\u00e9 que plus les temp\u00e9ratures sont chaudes et plus le taux de survie du SARS-CoV-2 diminue.<\/p>\n<p>Auteur: M&rsquo;hammed rahal<br \/>\n<a href=\"http:\/\/albayane.press.ma\/%EF%BB%BFcovid-19-la-chine-va-depister-une-metropole-entiere.html\">Cliquez ici pour lire l&rsquo;article depuis sa source.<\/a><\/p>\n","protected":false},"excerpt":{"rendered":"<p>L\u2019Europe renforce les restrictions La Chine m\u00e8ne lundi une campagne massive de d\u00e9pistage dans une importante ville portuaire apr\u00e8s la d\u00e9couverte de six cas de Covid-19, tandis que les pays europ\u00e9ens prennent des mesures drastiques face \u00e0 une nouvelle flamb\u00e9e des cas de contamination. Les neuf millions d\u2019habitants de la m\u00e9tropole de Qingdao (est) seront [&hellip;]<\/p>\n","protected":false},"author":1760,"featured_media":0,"comment_status":"closed","ping_status":"closed","sticky":false,"template":"","format":"standard","meta":{"fifu_image_url":"","fifu_image_alt":"","footnotes":""},"categories":[73,54],"tags":[],"class_list":["post-101485","post","type-post","status-publish","format-standard","hentry","category-actualite","category-maroc"],"_links":{"self":[{"href":"https:\/\/linitiative.ca\/International\/wp-json\/wp\/v2\/posts\/101485","targetHints":{"allow":["GET"]}}],"collection":[{"href":"https:\/\/linitiative.ca\/International\/wp-json\/wp\/v2\/posts"}],"about":[{"href":"https:\/\/linitiative.ca\/International\/wp-json\/wp\/v2\/types\/post"}],"author":[{"embeddable":true,"href":"https:\/\/linitiative.ca\/International\/wp-json\/wp\/v2\/users\/1760"}],"replies":[{"embeddable":true,"href":"https:\/\/linitiative.ca\/International\/wp-json\/wp\/v2\/comments?post=101485"}],"version-history":[{"count":0,"href":"https:\/\/linitiative.ca\/International\/wp-json\/wp\/v2\/posts\/101485\/revisions"}],"wp:attachment":[{"href":"https:\/\/linitiative.ca\/International\/wp-json\/wp\/v2\/media?parent=101485"}],"wp:term":[{"taxonomy":"category","embeddable":true,"href":"https:\/\/linitiative.ca\/International\/wp-json\/wp\/v2\/categories?post=101485"},{"taxonomy":"post_tag","embeddable":true,"href":"https:\/\/linitiative.ca\/International\/wp-json\/wp\/v2\/tags?post=101485"}],"curies":[{"name":"wp","href":"https:\/\/api.w.org\/{rel}","templated":true}]}}