{"id":101486,"date":"2020-10-12T10:57:27","date_gmt":"2020-10-12T14:57:27","guid":{"rendered":"https:\/\/linitiative.ca\/International\/initiative-oiseuse-qui-seme-la-desunion\/"},"modified":"2020-10-12T10:57:27","modified_gmt":"2020-10-12T14:57:27","slug":"initiative-oiseuse-qui-seme-la-desunion","status":"publish","type":"post","link":"https:\/\/linitiative.ca\/International\/initiative-oiseuse-qui-seme-la-desunion\/","title":{"rendered":"Initiative oiseuse qui s\u00e8me la d\u00e9sunion!"},"content":{"rendered":"<p class=\"has-text-color has-vivid-red-color c2\"><strong>Naissance d\u2019une association de tourisme<\/strong><\/p>\n<p class=\"c3\"><strong>Saoudi El Amalki<\/strong><\/p>\n<p class=\"has-text-color c4\"><strong>Contre toute attente et en pleine p\u00e9riode du Covid 19, le vieux routier du tourisme de la r\u00e9gion, Abdelhadi Alami ayant roul\u00e9 sa bosse dans le secteur de l\u2019h\u00f4tellerie, a jug\u00e9 bon de cr\u00e9er une nouvelle structure associative sous le nom de\u00a0: \u00abAssociation du d\u00e9veloppement du tourisme \u00e0 Agadir\u00bb.<\/strong><\/p>\n<p>Selon l\u2019initiateur qui vient d\u2019organiser une conf\u00e9rence de presse, cette instance ambitionne d\u2019impulser l\u2019\u00e9lan du secteur tant \u00e0 la capitale du Souss qu\u2019\u00e0 la r\u00e9gion. Tout en d\u00e9clinant l\u2019utilit\u00e9 et l\u2019objectif vis\u00e9s par cette constitution, le promoteur n\u2019a pas manqu\u00e9, non plus, de fustiger la situation touristique dans la station baln\u00e9aire, comme il a d\u00e9j\u00e0 fait, d\u00e8s son retour au bercail, apr\u00e8s des ann\u00e9es d\u2019activit\u00e9 dans la cit\u00e9 ocre.<\/p>\n<p>En fait, il n\u2019a pas eu de cesse de qualifier la ville qu\u2019il quittait il y a des lustres, de \u00abvillage\u00bb, faisant allusion \u00e0 son \u00e9tat compatissant dans lequel elle s\u2019est advenue, comparativement \u00e0 son temp\u00e9rament flamboyant de jadis. D\u2019apr\u00e8s cet ardent op\u00e9rateur, l\u2019association renferme une flop\u00e9e de journalistes qui met en avant des \u00e9bauches num\u00e9riques contribuant \u00e0 la mise sur orbite la destination d\u2019Agadir, en tant que site de marque du royaume.<\/p>\n<p>En fait, cette institution touristique \u00e0 vocation aussi bien r\u00e9gionale que nationale, a tendance \u00e0 placer ses antennes un peu partout dans le pays dont celle de Casablanca fonctionne d\u2019ores et d\u00e9j\u00e0. En d\u00e9pit de la propagation de la pand\u00e9mie, le promoteur touristique tente de faire \u00e9clore ses c\u00e9dera de redressement du secteur et appelle ses pairs et les autres intervenantes de tous bords \u00e0 adh\u00e9rer \u00e0 ce projet d\u2019envergure. R\u00e9ussira-t-il dans cette \u00e9preuve? Seul l\u2019avenir est habilit\u00e9 \u00e0 r\u00e9v\u00e9ler!<\/p>\n<p>En tous cas, on doutera bien de la n\u00e9cessit\u00e9 de faire fleurir des structures associatives, alors que les \u00e9nergies des professionnels se devront de se conjuguer sous un m\u00eame toit tributionnel pour mieux porter un plaidoyer fort et persuasif aupr\u00e8s des divers d\u00e9cideurs et contribuer de concert \u00e0 assurer la relance escompt\u00e9e. On ne saurait pr\u00e9tendre \u00e0 \u00e9largir l\u2019\u00e9ventail de rehaussement du secteur, en ces moments \u00e9pid\u00e9miques dans f\u00e9d\u00e9rer les efforts du domaine, toutes branches r\u00e9unies, en \u00e9troite collaboration avec les services de tutelle et les diff\u00e9rents partenaires. L\u2019union fait la force, disait l\u2019autre.<\/p>\n<p>On notera aussi, au passage, le fait de faire figurer le nom de Said Scally, l\u2019un des figures de proue du secteur, sans son consentement, alors qu\u2019il venait de perdre son \u00e9pouse et s\u2019\u00e9tait fort occup\u00e9par lac\u00e9r\u00e9monie fun\u00e9raire. Le fait de mentionner \u00abmalicieusement\u00bb le nom de cegrand t\u00e9nor du domaine touristique, \u00e0 son insu, d\u00e9note de manque d\u2019\u00e9thique et de d\u00e9loyaut\u00e9 envers non pas seulementleconcern\u00e9mais de toute l\u2019image du secteur. Une bourde qui inaugure mal les d\u00e9buts d\u2019une association superflue!<\/p>\n<p>Auteur: M&rsquo;hammed rahal<br \/>\n<a href=\"http:\/\/albayane.press.ma\/initiative-oiseuse-qui-seme-la-desunion.html\">Cliquez ici pour lire l&rsquo;article depuis sa source.<\/a><\/p>\n","protected":false},"excerpt":{"rendered":"<p>Naissance d\u2019une association de tourisme Saoudi El Amalki Contre toute attente et en pleine p\u00e9riode du Covid 19, le vieux routier du tourisme de la r\u00e9gion, Abdelhadi Alami ayant roul\u00e9 sa bosse dans le secteur de l\u2019h\u00f4tellerie, a jug\u00e9 bon de cr\u00e9er une nouvelle structure associative sous le nom de\u00a0: \u00abAssociation du d\u00e9veloppement du tourisme [&hellip;]<\/p>\n","protected":false},"author":1760,"featured_media":0,"comment_status":"closed","ping_status":"closed","sticky":false,"template":"","format":"standard","meta":{"fifu_image_url":"","fifu_image_alt":"","footnotes":""},"categories":[73,54],"tags":[],"class_list":["post-101486","post","type-post","status-publish","format-standard","hentry","category-actualite","category-maroc"],"_links":{"self":[{"href":"https:\/\/linitiative.ca\/International\/wp-json\/wp\/v2\/posts\/101486","targetHints":{"allow":["GET"]}}],"collection":[{"href":"https:\/\/linitiative.ca\/International\/wp-json\/wp\/v2\/posts"}],"about":[{"href":"https:\/\/linitiative.ca\/International\/wp-json\/wp\/v2\/types\/post"}],"author":[{"embeddable":true,"href":"https:\/\/linitiative.ca\/International\/wp-json\/wp\/v2\/users\/1760"}],"replies":[{"embeddable":true,"href":"https:\/\/linitiative.ca\/International\/wp-json\/wp\/v2\/comments?post=101486"}],"version-history":[{"count":0,"href":"https:\/\/linitiative.ca\/International\/wp-json\/wp\/v2\/posts\/101486\/revisions"}],"wp:attachment":[{"href":"https:\/\/linitiative.ca\/International\/wp-json\/wp\/v2\/media?parent=101486"}],"wp:term":[{"taxonomy":"category","embeddable":true,"href":"https:\/\/linitiative.ca\/International\/wp-json\/wp\/v2\/categories?post=101486"},{"taxonomy":"post_tag","embeddable":true,"href":"https:\/\/linitiative.ca\/International\/wp-json\/wp\/v2\/tags?post=101486"}],"curies":[{"name":"wp","href":"https:\/\/api.w.org\/{rel}","templated":true}]}}