{"id":101487,"date":"2020-10-12T10:59:07","date_gmt":"2020-10-12T14:59:07","guid":{"rendered":"https:\/\/linitiative.ca\/International\/tanger-hommicide-commis-a-lencontre-dun-element-de-la-gendarmerie-royale%ef%bb%bf\/"},"modified":"2020-10-12T10:59:07","modified_gmt":"2020-10-12T14:59:07","slug":"tanger-hommicide-commis-a-lencontre-dun-element-de-la-gendarmerie-royale%ef%bb%bf","status":"publish","type":"post","link":"https:\/\/linitiative.ca\/International\/tanger-hommicide-commis-a-lencontre-dun-element-de-la-gendarmerie-royale%ef%bb%bf\/","title":{"rendered":"Tanger: Hommicide commis \u00e0 l\u2019encontre d\u2019un \u00e9l\u00e9ment de la gendarmerie Royale\ufeff"},"content":{"rendered":"<p class=\"c2\"><strong>Karim Ben Amar<\/strong><\/p>\n<p class=\"has-text-color has-vivid-red-color\"><strong>Un gendrame a \u00e9t\u00e9 poignard\u00e9 \u00e0 mort dimanche 11 octobre \u00e0 Tanger. Tout juste<\/strong> <strong>\u00e2g\u00e9<\/strong> <strong>de 23 ans, ce fonctionnaire aurait refus\u00e9 de leur c\u00e9der ses biens. Les d\u00e9tails.<\/strong><\/p>\n<p>Un crime crapuleux a \u00e9t\u00e9 commis dans la soir\u00e9\u00e9 du dimanche 11 octobre \u00e0 Tanger \u00e0 l\u2019encontre d\u2019un gendarme \u00e0 peine \u00e2g\u00e9 de 23 ans. Le meurtre est survenu dans le quartier Zyaten, \u00e0 proximit\u00e9 de la Maison de la Presse.<\/p>\n<p>Selon des sources concordantes, cet agent de la gendarmerie Royale a \u00e9t\u00e9 pris pour cible de la part d\u2019individus arm\u00e9s d\u2019armes blanches.\u00a0Il a \u00e9t\u00e9 poignard\u00e9 \u00e0 plusieurs reprises, notamment aux mains, au dos et au c\u0153ur.<\/p>\n<p>Il est \u00e0 noter, qu\u2019au moment des faits, le d\u00e9funt n\u2019\u00e9tait pas en service. Il faisait ses courses pr\u00e8s de son domicile,\u00a0 dans le quartier Zyaten.<\/p>\n<p>Selon les premiers \u00e9l\u00e9ments de l\u2019enqu\u00eate polici\u00e8re, ses agresseurs, activement recherch\u00e9s par les autorit\u00e9s, seraient pass\u00e9s \u00e0 l\u2019acte pour l\u2019agresser. Ils visaient principalement son t\u00e9l\u00e9phone portable. Ils auraient d\u00e9cid\u00e9 de le poignarder apr\u00e8s qu\u2019il ait refus\u00e9 de le c\u00e9der.<\/p>\n<p>Juste apr\u00e8s la d\u00e9couverte de ce crime, les services de police de la capitale du D\u00e9troit ont lanc\u00e9 une s\u00e9rie d\u2019op\u00e9rations de ratissage dans plusieurs quartiers de l\u2019arrondissement de Tanger Medina, notamment \u00e0 Mesnana, ainsi qu\u2019\u00e0 Branes.<\/p>\n<p>Concomitamment, une enqu\u00eate a \u00e9t\u00e9 ouverte par la brigade criminelle sous la supervision du parquet g\u00e9n\u00e9ral.<\/p>\n<p>Auteur: M&rsquo;hammed rahal<br \/>\n<a href=\"http:\/\/albayane.press.ma\/tanger-hommicide-commis-a-lencontre-dun-element-de-la-gendarmerie-royale%EF%BB%BF.html\">Cliquez ici pour lire l&rsquo;article depuis sa source.<\/a><\/p>\n","protected":false},"excerpt":{"rendered":"<p>Karim Ben Amar Un gendrame a \u00e9t\u00e9 poignard\u00e9 \u00e0 mort dimanche 11 octobre \u00e0 Tanger. Tout juste \u00e2g\u00e9 de 23 ans, ce fonctionnaire aurait refus\u00e9 de leur c\u00e9der ses biens. Les d\u00e9tails. Un crime crapuleux a \u00e9t\u00e9 commis dans la soir\u00e9\u00e9 du dimanche 11 octobre \u00e0 Tanger \u00e0 l\u2019encontre d\u2019un gendarme \u00e0 peine \u00e2g\u00e9 de [&hellip;]<\/p>\n","protected":false},"author":1760,"featured_media":0,"comment_status":"closed","ping_status":"closed","sticky":false,"template":"","format":"standard","meta":{"fifu_image_url":"","fifu_image_alt":"","footnotes":""},"categories":[73,54],"tags":[],"class_list":["post-101487","post","type-post","status-publish","format-standard","hentry","category-actualite","category-maroc"],"_links":{"self":[{"href":"https:\/\/linitiative.ca\/International\/wp-json\/wp\/v2\/posts\/101487","targetHints":{"allow":["GET"]}}],"collection":[{"href":"https:\/\/linitiative.ca\/International\/wp-json\/wp\/v2\/posts"}],"about":[{"href":"https:\/\/linitiative.ca\/International\/wp-json\/wp\/v2\/types\/post"}],"author":[{"embeddable":true,"href":"https:\/\/linitiative.ca\/International\/wp-json\/wp\/v2\/users\/1760"}],"replies":[{"embeddable":true,"href":"https:\/\/linitiative.ca\/International\/wp-json\/wp\/v2\/comments?post=101487"}],"version-history":[{"count":0,"href":"https:\/\/linitiative.ca\/International\/wp-json\/wp\/v2\/posts\/101487\/revisions"}],"wp:attachment":[{"href":"https:\/\/linitiative.ca\/International\/wp-json\/wp\/v2\/media?parent=101487"}],"wp:term":[{"taxonomy":"category","embeddable":true,"href":"https:\/\/linitiative.ca\/International\/wp-json\/wp\/v2\/categories?post=101487"},{"taxonomy":"post_tag","embeddable":true,"href":"https:\/\/linitiative.ca\/International\/wp-json\/wp\/v2\/tags?post=101487"}],"curies":[{"name":"wp","href":"https:\/\/api.w.org\/{rel}","templated":true}]}}