{"id":101488,"date":"2020-10-12T11:09:13","date_gmt":"2020-10-12T15:09:13","guid":{"rendered":"https:\/\/linitiative.ca\/International\/%ef%bb%bfcovid-19-la-chine-depiste-une-metropole-entiere\/"},"modified":"2020-10-12T11:09:13","modified_gmt":"2020-10-12T15:09:13","slug":"%ef%bb%bfcovid-19-la-chine-depiste-une-metropole-entiere","status":"publish","type":"post","link":"https:\/\/linitiative.ca\/International\/%ef%bb%bfcovid-19-la-chine-depiste-une-metropole-entiere\/","title":{"rendered":"\ufeffCovid -19 : La Chine d\u00e9piste une m\u00e9tropole enti\u00e8re"},"content":{"rendered":"<p class=\"has-text-color has-vivid-red-color c2\"><strong>L\u2019Europe renforce les restrictions<\/strong><\/p>\n<p class=\"has-text-color c3\"><strong>La Chine menait lundi une campagne massive de d\u00e9pistage de la m\u00e9tropole de Qingdao (9 millions d\u2019habitants), apr\u00e8s la d\u00e9couverte de six cas de Covid-19, ont indiqu\u00e9 les autorit\u00e9s sanitaires.<\/strong><\/p>\n<p>Le pays asiatique, o\u00f9 le nouveau coronavirus a fait son apparition fin 2019, a depuis plusieurs mois endigu\u00e9 l\u2019\u00e9pid\u00e9mie sur son sol gr\u00e2ce \u00e0 de stricts contr\u00f4les, au port du masque g\u00e9n\u00e9ralis\u00e9, aux mesures de confinement et aux applications de tra\u00e7age.<\/p>\n<p>Nationalement, seuls quelques nouveaux malades sont recens\u00e9s chaque jour, la quasi-totalit\u00e9 \u00e9tant des Chinois revenus de l\u2019\u00e9tranger et plac\u00e9s en quarantaine d\u00e8s leur arriv\u00e9e.<\/p>\n<p>Mais la d\u00e9couverte dimanche \u00e0 Qingdao (est) de six cas de coronavirus d\u2019origine locale alimente les craintes d\u2019une r\u00e9surgence de l\u2019\u00e9pid\u00e9mie.<\/p>\n<p>Selon les autorit\u00e9s sanitaires locales, toutes les personnes contamin\u00e9es semblent avoir un lien avec un h\u00f4pital de la ville qui traite des patients du Covid-19. Mais le foyer d\u2019infection n\u2019est pour le moment pas connu.<\/p>\n<p>La d\u00e9couverte a entra\u00een\u00e9 dans la foul\u00e9e le d\u00e9pistage de quelque 143.000 personnes pour tenter d\u2019identifier les cas contact.<\/p>\n<p>La mairie a annonc\u00e9 une campagne massive de d\u00e9pistage dans cinq districts de Qingdao \u00absous trois jours\u00bb et de la totalit\u00e9 de la ville \u00absous cinq jours\u00bb. Les autorit\u00e9s n\u2019ont cependant pas pr\u00e9cis\u00e9 combien de personnes seraient test\u00e9es exactement.<\/p>\n<p>Face \u00e0 un regain de cas, le Royaume-Uni, pays le plus durement touch\u00e9 d\u2019Europe avec plus de 42.800 morts, se pr\u00e9pare \u00e0 durcir les restrictions, apr\u00e8s avoir enregistr\u00e9 dimanche pr\u00e8s de 13.000 nouveaux cas.<\/p>\n<p>En France, deux nouvelles grandes villes, Toulouse et Montpellier dans le Sud vont \u00eatre plac\u00e9es \u00e0 partir de mardi en \u00abalerte maximale\u00bb, ont annonc\u00e9 les autorit\u00e9s. Les nouvelles contaminations (plus de 16.000 au cours des derni\u00e8res 24 heures) ne cessent d\u2019augmenter, de m\u00eame que les admissions en r\u00e9animation (1.483 patients dimanche, un record depuis mai).<\/p>\n<p>Et deux r\u00e9gions espagnoles frontali\u00e8res de la France, la Catalogne et la Navarre, vont renforcer leurs restrictions \u00e0 partir de mardi.<\/p>\n<p>En revanche, l\u2019Italie, premier pays touch\u00e9 en Europe, envisage d\u2019all\u00e9ger son protocole sanitaire anti-Covid-19 en r\u00e9duisant notamment la quarantaine \u00e0 dix jours.<\/p>\n<p>Au total, plus de 37,4 millions de cas d\u2019infection ont \u00e9t\u00e9 officiellement diagnostiqu\u00e9s dont au moins 25.827.919 sont gu\u00e9ris, selon un bilan \u00e9tabli par l\u2019AFP lundi.<\/p>\n<p>L\u2019Inde a franchi dimanche le seuil des 7 millions de cas, un chiffre qui se rapproche de celui atteint par les Etats-Unis.<\/p>\n<p>Mais les Etats-Unis restent le pays le plus endeuill\u00e9, avec plus de 214.000 d\u00e9c\u00e8s, et 7,7 millions de cas dont Donald Trump lui-m\u00eame. Le pr\u00e9sident am\u00e9ricain, 74 ans, s\u2019est d\u00e9clar\u00e9 dimanche \u00abimmunis\u00e9\u00bb contre le Covid-19, apr\u00e8s avoir \u00e9t\u00e9 hospitalis\u00e9 la semaine derni\u00e8re.<\/p>\n<p>Auteur: M&rsquo;hammed rahal<br \/>\n<a href=\"http:\/\/albayane.press.ma\/%EF%BB%BFcovid-19-la-chine-depiste-une-metropole-entiere.html\">Cliquez ici pour lire l&rsquo;article depuis sa source.<\/a><\/p>\n","protected":false},"excerpt":{"rendered":"<p>L\u2019Europe renforce les restrictions La Chine menait lundi une campagne massive de d\u00e9pistage de la m\u00e9tropole de Qingdao (9 millions d\u2019habitants), apr\u00e8s la d\u00e9couverte de six cas de Covid-19, ont indiqu\u00e9 les autorit\u00e9s sanitaires. Le pays asiatique, o\u00f9 le nouveau coronavirus a fait son apparition fin 2019, a depuis plusieurs mois endigu\u00e9 l\u2019\u00e9pid\u00e9mie sur son [&hellip;]<\/p>\n","protected":false},"author":1760,"featured_media":0,"comment_status":"closed","ping_status":"closed","sticky":false,"template":"","format":"standard","meta":{"fifu_image_url":"","fifu_image_alt":"","footnotes":""},"categories":[73,54],"tags":[],"class_list":["post-101488","post","type-post","status-publish","format-standard","hentry","category-actualite","category-maroc"],"_links":{"self":[{"href":"https:\/\/linitiative.ca\/International\/wp-json\/wp\/v2\/posts\/101488","targetHints":{"allow":["GET"]}}],"collection":[{"href":"https:\/\/linitiative.ca\/International\/wp-json\/wp\/v2\/posts"}],"about":[{"href":"https:\/\/linitiative.ca\/International\/wp-json\/wp\/v2\/types\/post"}],"author":[{"embeddable":true,"href":"https:\/\/linitiative.ca\/International\/wp-json\/wp\/v2\/users\/1760"}],"replies":[{"embeddable":true,"href":"https:\/\/linitiative.ca\/International\/wp-json\/wp\/v2\/comments?post=101488"}],"version-history":[{"count":0,"href":"https:\/\/linitiative.ca\/International\/wp-json\/wp\/v2\/posts\/101488\/revisions"}],"wp:attachment":[{"href":"https:\/\/linitiative.ca\/International\/wp-json\/wp\/v2\/media?parent=101488"}],"wp:term":[{"taxonomy":"category","embeddable":true,"href":"https:\/\/linitiative.ca\/International\/wp-json\/wp\/v2\/categories?post=101488"},{"taxonomy":"post_tag","embeddable":true,"href":"https:\/\/linitiative.ca\/International\/wp-json\/wp\/v2\/tags?post=101488"}],"curies":[{"name":"wp","href":"https:\/\/api.w.org\/{rel}","templated":true}]}}