{"id":101490,"date":"2020-10-12T08:24:42","date_gmt":"2020-10-12T12:24:42","guid":{"rendered":"https:\/\/linitiative.ca\/International\/naufrage-au-large-de-sfax-neuf-corps-repeches\/"},"modified":"2020-10-12T08:24:42","modified_gmt":"2020-10-12T12:24:42","slug":"naufrage-au-large-de-sfax-neuf-corps-repeches","status":"publish","type":"post","link":"https:\/\/linitiative.ca\/International\/naufrage-au-large-de-sfax-neuf-corps-repeches\/","title":{"rendered":"Naufrage au large de Sfax : Neuf corps rep\u00each\u00e9s"},"content":{"rendered":"<section class=\"entry-content clearfix\">Neuf cadavres suppl\u00e9mentaires, victimes du naufrage d\u2019une embarcation de migration irr\u00e9guli\u00e8re, ont \u00e9t\u00e9 rep\u00e9ch\u00e9s.<\/p>\n<p>Le naufrage a eu lieu dimanche matin dans la largeur des c\u00f4tes de Sfax, au niveau des r\u00e9gions de Louza et Louata.<\/p>\n<p>Cela porte le nombre total de corps retrouv\u00e9s par les unit\u00e9s de la Garde maritime et l\u2019\u00e9quipe de plong\u00e9e de la Protection civile \u00e0 11 corps (8 femmes et 3 enfants), tous de nationalit\u00e9s d\u2019Afrique subsaharienne. Les recherches ont repris ce lundi 12 octobre 2020 pour trouver les 10 autres migrants qui se trouvaient \u00e0 bord de l\u2019embarcation.<\/p>\n<p>Hier, le gouverneur de la r\u00e9gion a annonc\u00e9 \u00e0 l\u2019agence TAP qu\u2019une femme et un enfant ont trouv\u00e9 la mort suite \u00e0 ce naufrage alors que sept rescap\u00e9s ont r\u00e9ussi \u00e0 \u00e9viter la noyade.<\/p>\n<\/section>\n<div class=\"wp-post-author-wrap wp-post-author-shortcode left\">\n<h3 class=\"awpa-title\"\/>\n<div class=\"wp-post-author\">\n<div class=\"awpa-img awpa-author-block square\"><a href=\"http:\/\/lexpertjournal.net\/fr\/?author=5\"><img loading=\"lazy\" decoding=\"async\" alt=\"\" src=\"http:\/\/0.gravatar.com\/avatar\/97f8e10a1c1125ba104a76514ee07b16?s=150&amp;d=mm&amp;r=g\" srcset=\"http:\/\/0.gravatar.com\/avatar\/97f8e10a1c1125ba104a76514ee07b16?s=300&amp;d=mm&amp;r=g 2x\" class=\"avatar avatar-150 photo\" height=\"150\" width=\"150\"\/><\/a><\/div>\n<\/div>\n<\/div>\n<aside class=\"mashsb-container mashsb-main mashsb-stretched\">\n<\/aside>\n<p>Auteur: L&rsquo;expert<br \/>\n<a href=\"http:\/\/lexpertjournal.net\/fr\/?p=16947\">Cliquez ici pour lire l&rsquo;article depuis sa source.<\/a><\/p>\n","protected":false},"excerpt":{"rendered":"<p>Neuf cadavres suppl\u00e9mentaires, victimes du naufrage d\u2019une embarcation de migration irr\u00e9guli\u00e8re, ont \u00e9t\u00e9 rep\u00e9ch\u00e9s. Le naufrage a eu lieu dimanche matin dans la largeur des c\u00f4tes de Sfax, au niveau des r\u00e9gions de Louza et Louata. Cela porte le nombre total de corps retrouv\u00e9s par les unit\u00e9s de la Garde maritime et l\u2019\u00e9quipe de plong\u00e9e [&hellip;]<\/p>\n","protected":false},"author":1775,"featured_media":0,"comment_status":"closed","ping_status":"closed","sticky":false,"template":"","format":"standard","meta":{"fifu_image_url":"","fifu_image_alt":"","footnotes":""},"categories":[78,55],"tags":[],"class_list":["post-101490","post","type-post","status-publish","format-standard","hentry","category-economie","category-tunisie"],"_links":{"self":[{"href":"https:\/\/linitiative.ca\/International\/wp-json\/wp\/v2\/posts\/101490","targetHints":{"allow":["GET"]}}],"collection":[{"href":"https:\/\/linitiative.ca\/International\/wp-json\/wp\/v2\/posts"}],"about":[{"href":"https:\/\/linitiative.ca\/International\/wp-json\/wp\/v2\/types\/post"}],"author":[{"embeddable":true,"href":"https:\/\/linitiative.ca\/International\/wp-json\/wp\/v2\/users\/1775"}],"replies":[{"embeddable":true,"href":"https:\/\/linitiative.ca\/International\/wp-json\/wp\/v2\/comments?post=101490"}],"version-history":[{"count":0,"href":"https:\/\/linitiative.ca\/International\/wp-json\/wp\/v2\/posts\/101490\/revisions"}],"wp:attachment":[{"href":"https:\/\/linitiative.ca\/International\/wp-json\/wp\/v2\/media?parent=101490"}],"wp:term":[{"taxonomy":"category","embeddable":true,"href":"https:\/\/linitiative.ca\/International\/wp-json\/wp\/v2\/categories?post=101490"},{"taxonomy":"post_tag","embeddable":true,"href":"https:\/\/linitiative.ca\/International\/wp-json\/wp\/v2\/tags?post=101490"}],"curies":[{"name":"wp","href":"https:\/\/api.w.org\/{rel}","templated":true}]}}