{"id":101491,"date":"2020-10-12T10:13:43","date_gmt":"2020-10-12T14:13:43","guid":{"rendered":"https:\/\/linitiative.ca\/International\/septembre-2020-legere-hausse-de-06-des-exportations-contre-une-baisse-de-19-des-importations\/"},"modified":"2020-10-12T10:13:43","modified_gmt":"2020-10-12T14:13:43","slug":"septembre-2020-legere-hausse-de-06-des-exportations-contre-une-baisse-de-19-des-importations","status":"publish","type":"post","link":"https:\/\/linitiative.ca\/International\/septembre-2020-legere-hausse-de-06-des-exportations-contre-une-baisse-de-19-des-importations\/","title":{"rendered":"Septembre 2020 : L\u00e9g\u00e8re hausse de 0,6% des exportations contre une baisse de 19% des importations"},"content":{"rendered":"<h2>Les r\u00e9sultats des \u00e9changes commerciaux de la Tunisie avec l\u2019ext\u00e9rieur aux prix courants durant le mois de septembre 2020 montrent que les exportations ont augment\u00e9 de 0,6% par rapport au m\u00eame mois de l\u2019ann\u00e9e pr\u00e9c\u00e9dente (-10,1% en ao\u00fbt), selon la note sur le Commerce Ext\u00e9rieur aux prix courants\/Septembre 2020 publi\u00e9e, lundi, par l\u2019<a href=\"http:\/\/www.ins.tn\/\" target=\"_blank\" rel=\"noopener noreferrer\">INS<\/a>.<\/h2>\n<p>Il est \u00e0 noter que c\u2019est la premi\u00e8re fois, depuis le mois de mars 2020? que le glissement annuel retourne en territoire positif. Les exportations ont atteint le niveau de 3504,6 MD contre 3484,6 MD en septembre 2019.<\/p>\n<p>Cette l\u00e9g\u00e8re hausse est expliqu\u00e9e, d\u2019une part, par l\u2019augmentation observ\u00e9e au niveau du secteur de l\u2019agriculture et des industries agro-alimentaires de 64,1%, du secteur textile, habillement et<a href=\"http:\/\/www.leconomistemaghrebin.com\/2020\/07\/04\/cuir-et-chaussures-quelle-strategie-a-lhorizon-2035\/\" target=\"_blank\" rel=\"noopener noreferrer\">\u00a0cuirs<\/a>\u00a0de 7,6% et du secteur des industries m\u00e9caniques et \u00e9lectriques de 7,5%, contre une baisse enregistr\u00e9e dans le secteur de l\u2019\u00e9nergie (-67,7%) et le secteur des mines, phosphates et d\u00e9riv\u00e9s (- 43%).<\/p>\n<p>La r\u00e9partition par pays d\u00e9note des baisses des ventes vers certains partenaires europ\u00e9ens, essentiellement la France (-10,5%) et le Royaume uni (-3,3%). La m\u00eame \u00e9volution est observ\u00e9e vers certains pays arabes, tels que la Libye (33,2%) et l\u2019Alg\u00e9rie (-35,8%). En revanche nos ventes augmentent avec l\u2019Italie de (+8,7%) et avec l\u2019Allemagne (+7,2%).<\/p>\n<h2>Baisse de 19% \u00a0des importations en \u00a0septembre 2020<\/h2>\n<p>Les importations se sont repli\u00e9es de 19% en septembre 2020 par rapport au m\u00eame mois de l\u2019ann\u00e9e 2019 (-7,5% en ao\u00fbt). En valeur, elles ont atteint 4427,4 MD contre 5468,6 MD au mois de septembre 2019.<br \/>Cette baisse est essentiellement due \u00e0 la r\u00e9gression observ\u00e9e des achats des produits \u00e9nerg\u00e9tiques (-48,4%), des produits miniers et phosphat\u00e9s (- 35,2%), des biens d\u2019\u00e9quipement (-6,7%), des mati\u00e8res premi\u00e8res et demi produits (-13,3%) et des biens de consommation (-13,7%).<\/p>\n<p>Selon la r\u00e9partition g\u00e9ographique, le repli des importations est essentiellement d\u00fb \u00e0 la diminution des achats aupr\u00e8s des \u00a0premiers partenaires europ\u00e9ens, tels que la France (- 16,9%), l\u2019Allemagne (-2,9%) et l\u2019Italie (- 10,3%). La m\u00eame tendance \u00a0est observ\u00e9e avec la Libye (-89,5%), l\u2019Alg\u00e9rie \u00a0(-47,7%) et l\u2019Egypte (-63,8%). En revanche les achats ont augment\u00e9 avec le Maroc de 25,8%.<\/p>\n<p>Avec TAP<\/p>\n<div class=\"wp-post-author-wrap wp-post-author-shortcode left\">\n<h3 class=\"awpa-title\"\/>\n<div class=\"wp-post-author\">\n<div class=\"awpa-img awpa-author-block square\"><a href=\"http:\/\/lexpertjournal.net\/fr\/?author=5\"><img loading=\"lazy\" decoding=\"async\" alt=\"\" src=\"http:\/\/0.gravatar.com\/avatar\/97f8e10a1c1125ba104a76514ee07b16?s=150&amp;d=mm&amp;r=g\" srcset=\"http:\/\/0.gravatar.com\/avatar\/97f8e10a1c1125ba104a76514ee07b16?s=300&amp;d=mm&amp;r=g 2x\" class=\"avatar avatar-150 photo\" height=\"150\" width=\"150\"\/><\/a><\/div>\n<\/div>\n<\/div>\n<aside class=\"mashsb-container mashsb-main mashsb-stretched\">\n<\/aside>\n<p>Auteur: L&rsquo;expert<br \/>\n<a href=\"http:\/\/lexpertjournal.net\/fr\/?p=16952\">Cliquez ici pour lire l&rsquo;article depuis sa source.<\/a><\/p>\n","protected":false},"excerpt":{"rendered":"<p>Les r\u00e9sultats des \u00e9changes commerciaux de la Tunisie avec l\u2019ext\u00e9rieur aux prix courants durant le mois de septembre 2020 montrent que les exportations ont augment\u00e9 de 0,6% par rapport au m\u00eame mois de l\u2019ann\u00e9e pr\u00e9c\u00e9dente (-10,1% en ao\u00fbt), selon la note sur le Commerce Ext\u00e9rieur aux prix courants\/Septembre 2020 publi\u00e9e, lundi, par l\u2019INS. Il est [&hellip;]<\/p>\n","protected":false},"author":1775,"featured_media":0,"comment_status":"closed","ping_status":"closed","sticky":false,"template":"","format":"standard","meta":{"fifu_image_url":"","fifu_image_alt":"","footnotes":""},"categories":[78,55],"tags":[],"class_list":["post-101491","post","type-post","status-publish","format-standard","hentry","category-economie","category-tunisie"],"_links":{"self":[{"href":"https:\/\/linitiative.ca\/International\/wp-json\/wp\/v2\/posts\/101491","targetHints":{"allow":["GET"]}}],"collection":[{"href":"https:\/\/linitiative.ca\/International\/wp-json\/wp\/v2\/posts"}],"about":[{"href":"https:\/\/linitiative.ca\/International\/wp-json\/wp\/v2\/types\/post"}],"author":[{"embeddable":true,"href":"https:\/\/linitiative.ca\/International\/wp-json\/wp\/v2\/users\/1775"}],"replies":[{"embeddable":true,"href":"https:\/\/linitiative.ca\/International\/wp-json\/wp\/v2\/comments?post=101491"}],"version-history":[{"count":0,"href":"https:\/\/linitiative.ca\/International\/wp-json\/wp\/v2\/posts\/101491\/revisions"}],"wp:attachment":[{"href":"https:\/\/linitiative.ca\/International\/wp-json\/wp\/v2\/media?parent=101491"}],"wp:term":[{"taxonomy":"category","embeddable":true,"href":"https:\/\/linitiative.ca\/International\/wp-json\/wp\/v2\/categories?post=101491"},{"taxonomy":"post_tag","embeddable":true,"href":"https:\/\/linitiative.ca\/International\/wp-json\/wp\/v2\/tags?post=101491"}],"curies":[{"name":"wp","href":"https:\/\/api.w.org\/{rel}","templated":true}]}}