{"id":101492,"date":"2020-10-12T10:18:20","date_gmt":"2020-10-12T14:18:20","guid":{"rendered":"https:\/\/linitiative.ca\/International\/le-deficit-commercial-setablit-a-101365-md-durant-les-neuf-premiers-mois-de-lannee-2020\/"},"modified":"2020-10-12T10:18:20","modified_gmt":"2020-10-12T14:18:20","slug":"le-deficit-commercial-setablit-a-101365-md-durant-les-neuf-premiers-mois-de-lannee-2020","status":"publish","type":"post","link":"https:\/\/linitiative.ca\/International\/le-deficit-commercial-setablit-a-101365-md-durant-les-neuf-premiers-mois-de-lannee-2020\/","title":{"rendered":"Le d\u00e9ficit commercial  s\u2019\u00e9tablit \u00e0 10136,5 MD durant les neuf premiers mois de l\u2019ann\u00e9e 2020"},"content":{"rendered":"<h2>Le d\u00e9ficit commercial s\u2019est r\u00e9duit de 4711,6 Millions de dinars (MD) \u00a0pour s\u2019\u00e9tablir \u00e0 10136,5 MD. Et ce\u00a0 durant les neuf premiers mois de l\u2019ann\u00e9e 2020 contre 14848,1 MD durant la m\u00eame p\u00e9riode de 2019. Affirme une note sur le Commerce Ext\u00e9rieur aux prix courants\/Septembre 2020 publi\u00e9e, lundi, par l\u2019<a href=\"http:\/\/www.ins.tn\/\" target=\"_blank\" rel=\"noopener noreferrer\">INS<\/a>. Retour sur la situation des importations et des exportations.<\/h2>\n<p>Ce d\u00e9ficit est expliqu\u00e9 en grande partie par celui enregistr\u00e9 avec certains pays, tels que la Chine (-4003,7 MD), la Turquie (-1510,7 MD), l\u2019Alg\u00e9rie (-1510,2 MD), l\u2019Italie (-660 MD) et la Russie (-697,1 MD). En revanche, le solde de la balance commerciale a enregistr\u00e9 un exc\u00e9dant. Et ce\u00a0 avec d\u2019autres pays principalement avec la France (2562,3 MD), l\u2019Allemagne (801,9 MD) et la Libye (766,9 MD). Cette situation a impact\u00e9 les importations et les exportations.<\/p>\n<p>Le taux de couverture a gagn\u00e9 4,1 points par rapport \u00e0 la m\u00eame p\u00e9riode de l\u2019ann\u00e9e 2019. Pour s\u2019\u00e9tablir \u00e0 73,1% contre 69% en\u00a0\u00a02019. Selon le r\u00e9gime, les \u00e9changes commerciaux sont d\u00e9ficitaires sous le r\u00e9gime g\u00e9n\u00e9ral de 17679,3 MD (-23561,4 MD durant les neuf premiers mois de l\u2019ann\u00e9e 2019). En revanche les \u00e9changes commerciaux sont exc\u00e9dentaires sous le r\u00e9gime offshore de 7542,8 MD (+8713,3 MD durant les neuf premiers mois de l\u2019ann\u00e9e 2019).<\/p>\n<p>Les r\u00e9sultats montrent que le d\u00e9ficit de la balance commerciale hors \u00e9nergie se r\u00e9duit \u00e0 6503,4 MD et que le d\u00e9ficit de la balance \u00e9nerg\u00e9tique s\u2019\u00e9tablit \u00e0 3633 MD (35,8% du total du d\u00e9ficit) contre 5646,9 MD durant la m\u00eame p\u00e9riode en 2019.<\/p>\n<h2>Baisse de 16,6% des exportations<\/h2>\n<p>Durant les neuf premiers mois de l\u2019ann\u00e9e 2020, les exportations ont enregistr\u00e9 une baisse de 16,6%. Et ce\u00a0 contre une hausse de 12% durant la m\u00eame p\u00e9riode de 2019, s\u2019\u00e9tablissant \u00e0 27537 MD contre 33008,4 MD.<br \/>Le recul observ\u00e9 au niveau de l\u2019exportation concerne plusieurs secteurs, \u00e0 savoir ceux du textile, habillement et cuirs (- 18,1%), des industries m\u00e9caniques et \u00e9lectriques (-20,1%), de l\u2019\u00e9nergie \u00a0(-28,4%) et des mines, phosphates et d\u00e9riv\u00e9s (-16,5%). En revanche, le secteur de l\u2019agriculture et des industries agro-alimentaires a enregistr\u00e9 une hausse de 14,2%. Et ce\u00a0 suite \u00e0 l\u2019augmentation des\u00a0\u00a0<a href=\"http:\/\/www.leconomistemaghrebin.com\/2020\/08\/27\/huile-d-olive-production-denviron-150-mille-tonnes\/\" target=\"_blank\" rel=\"noopener noreferrer\">ventes d\u2019huile d\u2019olive<\/a>\u00a0(1822,6 MD contre 1022,4 MD).<\/p>\n<h2>Une diminution de 21,3% des importations<\/h2>\n<p>Les importations ont diminu\u00e9 de 21,3% contre une hausse de 9,6% durant les neuf premiers\u00a0 mois de l\u2019ann\u00e9e 2019. Elles\u00a0 se situent\u00a0 \u00e0 37673,4 MD contre 47856,5 MD. Ce repli est d\u00fb \u00e0 la baisse enregistr\u00e9e au niveau des importations des biens d\u2019\u00e9quipement (- 25,8%), des mati\u00e8res premi\u00e8res et demi produits (-19,9%), des biens de consommation ( -18,2%) et de l\u2019\u00e9nergie (- 33,7%), sous l\u2019effet de la diminution des \u00a0achats des produits raffin\u00e9s (2656,8 MD contre 4858,8 MD) et de gaz naturel (1811,3 MD contre 2934,3 MD).<\/p>\n<h2>R\u00e9partition g\u00e9ographique des \u00e9changes ext\u00e9rieurs<\/h2>\n<p>Les exportations tunisiennes vers l\u2019Union europ\u00e9enne (73,7% du total des exportations) se sont contract\u00e9es de 17,3%. Cette baisse est expliqu\u00e9e, d\u2019une part, par la baisse des exportations vers certains partenaires europ\u00e9ens, tels que la France (25,6%), l\u2019Allemagne (23%) et l\u2019Italie (14,7%), et d\u2019autre part par la hausse des ventes vers d\u2019autres pays notamment l\u2019Espagne ( 44%) et la Belgique (2,1%). Avec les pays arabes, les exportations ont diminu\u00e9 avec l\u2019Alg\u00e9rie de 34%, avec la Libye (18,8%) et avec l\u2019Egypte (0,8%). Pour ce qui est des importations, les \u00e9changes commerciaux des biens avec l\u2019Union europ\u00e9enne (49% du total des importations) ont enregistr\u00e9 une baisse de 25,4%. Et ce\u00a0 pour s\u2019\u00e9tablir \u00e0 18441,5 MD. Les importations ont diminu\u00e9 de 29,9% avec la France, de 29,8% avec l\u2019Italie et de 24,3% avec l\u2019Allemagne.<\/p>\n<p>Avec TAP<\/p>\n<div class=\"wp-post-author-wrap wp-post-author-shortcode left\">\n<h3 class=\"awpa-title\"\/>\n<div class=\"wp-post-author\">\n<div class=\"awpa-img awpa-author-block square\"><a href=\"http:\/\/lexpertjournal.net\/fr\/?author=5\"><img loading=\"lazy\" decoding=\"async\" alt=\"\" src=\"http:\/\/0.gravatar.com\/avatar\/97f8e10a1c1125ba104a76514ee07b16?s=150&amp;d=mm&amp;r=g\" srcset=\"http:\/\/0.gravatar.com\/avatar\/97f8e10a1c1125ba104a76514ee07b16?s=300&amp;d=mm&amp;r=g 2x\" class=\"avatar avatar-150 photo\" height=\"150\" width=\"150\"\/><\/a><\/div>\n<\/div>\n<\/div>\n<aside class=\"mashsb-container mashsb-main mashsb-stretched\">\n<\/aside>\n<p>Auteur: L&rsquo;expert<br \/>\n<a href=\"http:\/\/lexpertjournal.net\/fr\/?p=16955\">Cliquez ici pour lire l&rsquo;article depuis sa source.<\/a><\/p>\n","protected":false},"excerpt":{"rendered":"<p>Le d\u00e9ficit commercial s\u2019est r\u00e9duit de 4711,6 Millions de dinars (MD) \u00a0pour s\u2019\u00e9tablir \u00e0 10136,5 MD. Et ce\u00a0 durant les neuf premiers mois de l\u2019ann\u00e9e 2020 contre 14848,1 MD durant la m\u00eame p\u00e9riode de 2019. Affirme une note sur le Commerce Ext\u00e9rieur aux prix courants\/Septembre 2020 publi\u00e9e, lundi, par l\u2019INS. Retour sur la situation des [&hellip;]<\/p>\n","protected":false},"author":1775,"featured_media":0,"comment_status":"closed","ping_status":"closed","sticky":false,"template":"","format":"standard","meta":{"fifu_image_url":"","fifu_image_alt":"","footnotes":""},"categories":[78,55],"tags":[],"class_list":["post-101492","post","type-post","status-publish","format-standard","hentry","category-economie","category-tunisie"],"_links":{"self":[{"href":"https:\/\/linitiative.ca\/International\/wp-json\/wp\/v2\/posts\/101492","targetHints":{"allow":["GET"]}}],"collection":[{"href":"https:\/\/linitiative.ca\/International\/wp-json\/wp\/v2\/posts"}],"about":[{"href":"https:\/\/linitiative.ca\/International\/wp-json\/wp\/v2\/types\/post"}],"author":[{"embeddable":true,"href":"https:\/\/linitiative.ca\/International\/wp-json\/wp\/v2\/users\/1775"}],"replies":[{"embeddable":true,"href":"https:\/\/linitiative.ca\/International\/wp-json\/wp\/v2\/comments?post=101492"}],"version-history":[{"count":0,"href":"https:\/\/linitiative.ca\/International\/wp-json\/wp\/v2\/posts\/101492\/revisions"}],"wp:attachment":[{"href":"https:\/\/linitiative.ca\/International\/wp-json\/wp\/v2\/media?parent=101492"}],"wp:term":[{"taxonomy":"category","embeddable":true,"href":"https:\/\/linitiative.ca\/International\/wp-json\/wp\/v2\/categories?post=101492"},{"taxonomy":"post_tag","embeddable":true,"href":"https:\/\/linitiative.ca\/International\/wp-json\/wp\/v2\/tags?post=101492"}],"curies":[{"name":"wp","href":"https:\/\/api.w.org\/{rel}","templated":true}]}}