{"id":101495,"date":"2020-10-12T09:49:00","date_gmt":"2020-10-12T13:49:00","guid":{"rendered":"https:\/\/linitiative.ca\/International\/degel-du-retrait-des-registres-de-commerce\/"},"modified":"2020-10-12T09:49:00","modified_gmt":"2020-10-12T13:49:00","slug":"degel-du-retrait-des-registres-de-commerce","status":"publish","type":"post","link":"https:\/\/linitiative.ca\/International\/degel-du-retrait-des-registres-de-commerce\/","title":{"rendered":"D\u00e9gel du retrait des registres de commerce"},"content":{"rendered":"<div id=\"originalText\" readability=\"61\">\n<p>Le minist\u00e8re du Commerce a annonc\u00e9, ce lundi, le d\u00e9gel du retrait des registres de commerce relatifs aux activit\u00e9s commerciales de distribution en gros de tous les produits non alimentaires dans les wilayas frontali\u00e8res.\u00a0<\/p>\n<p>\u00ab\u00a0Le minist\u00e8re du Commerce annonce que les op\u00e9rateurs \u00e9conomiques, les citoyens et citoyennes d\u00e9sirant exercer des activit\u00e9s commerciales de distribution en gros de tous les produits non alimentaires sont autoris\u00e9s \u00e0 retirer le registre de commerce pour la vente en gros\u00a0\u00bb, indique le communiqu\u00e9 du minist\u00e8re.\u00a0<\/p>\n<p>Le minist\u00e8re a pr\u00e9cis\u00e9 qu&rsquo;il s&rsquo;agit de la premi\u00e8re \u00e9tape d&rsquo;une s\u00e9rie de mesures entreprises pour la r\u00e9forme du syst\u00e8me commercial. La vente en gros des produits alimentaires \u00ab\u00a0sera bient\u00f4t lib\u00e9r\u00e9e suivant de nouveaux m\u00e9canismes et une nouvelle m\u00e9thodologie\u00a0\u00bb, a ajout\u00e9 la m\u00eame source.\u00a0<\/p>\n<p>Cette d\u00e9cision intervient suite aux visites effectu\u00e9es par le ministre du Commerce, Kamel Rezig dans plusieurs wilayas frontali\u00e8res et ses rencontres avec les op\u00e9rateurs \u00e9conomiques et les partenaires professionnels pour \u00e9tablir un contact direct et noter leurs pr\u00e9occupations, ajoute la m\u00eame source.<\/p>\n<p>Figure parmi les principales pr\u00e9occupations soumises par les concern\u00e9s, la n\u00e9cessit\u00e9 d\u2019abroger l\u2019instruction 1832 dat\u00e9e du 4 septembre 2016 relative au gel des registres de commerce de vente en gros dans les wilayas frontali\u00e8res, conclut le minist\u00e8re.<\/p>\n<p class=\"c6\"><strong>R\u00e9daction Web<\/strong><\/p>\n<\/div>\n<div id=\"text_core\" readability=\"61\">\n<p>Le minist\u00e8re du Commerce a annonc\u00e9, ce lundi, le d\u00e9gel du retrait des registres de commerce relatifs aux activit\u00e9s commerciales de distribution en gros de tous les produits non alimentaires dans les wilayas frontali\u00e8res.\u00a0<\/p>\n<p>\u00ab\u00a0Le minist\u00e8re du Commerce annonce que les op\u00e9rateurs \u00e9conomiques, les citoyens et citoyennes d\u00e9sirant exercer des activit\u00e9s commerciales de distribution en gros de tous les produits non alimentaires sont autoris\u00e9s \u00e0 retirer le registre de commerce pour la vente en gros\u00a0\u00bb, indique le communiqu\u00e9 du minist\u00e8re.\u00a0<\/p>\n<p>Le minist\u00e8re a pr\u00e9cis\u00e9 qu&rsquo;il s&rsquo;agit de la premi\u00e8re \u00e9tape d&rsquo;une s\u00e9rie de mesures entreprises pour la r\u00e9forme du syst\u00e8me commercial. La vente en gros des produits alimentaires \u00ab\u00a0sera bient\u00f4t lib\u00e9r\u00e9e suivant de nouveaux m\u00e9canismes et une nouvelle m\u00e9thodologie\u00a0\u00bb, a ajout\u00e9 la m\u00eame source.\u00a0<\/p>\n<p>Cette d\u00e9cision intervient suite aux visites effectu\u00e9es par le ministre du Commerce, Kamel Rezig dans plusieurs wilayas frontali\u00e8res et ses rencontres avec les op\u00e9rateurs \u00e9conomiques et les partenaires professionnels pour \u00e9tablir un contact direct et noter leurs pr\u00e9occupations, ajoute la m\u00eame source.<\/p>\n<p>Figure parmi les principales pr\u00e9occupations soumises par les concern\u00e9s, la n\u00e9cessit\u00e9 d\u2019abroger l\u2019instruction 1832 dat\u00e9e du 4 septembre 2016 relative au gel des registres de commerce de vente en gros dans les wilayas frontali\u00e8res, conclut le minist\u00e8re.<\/p>\n<p class=\"c6\"><strong>R\u00e9daction Web<\/strong><\/p>\n<\/div>\n<p>Auteur:<br \/>\n<a href=\"https:\/\/www.liberte-algerie.com\/actualite\/degel-du-retrait-des-registres-de-commerce-347153\">Cliquez ici pour lire l&rsquo;article depuis sa source.<\/a><\/p>\n","protected":false},"excerpt":{"rendered":"<p>Le minist\u00e8re du Commerce a annonc\u00e9, ce lundi, le d\u00e9gel du retrait des registres de commerce relatifs aux activit\u00e9s commerciales de distribution en gros de tous les produits non alimentaires dans les wilayas frontali\u00e8res.\u00a0 \u00ab\u00a0Le minist\u00e8re du Commerce annonce que les op\u00e9rateurs \u00e9conomiques, les citoyens et citoyennes d\u00e9sirant exercer des activit\u00e9s commerciales de distribution en [&hellip;]<\/p>\n","protected":false},"author":1742,"featured_media":0,"comment_status":"closed","ping_status":"closed","sticky":false,"template":"","format":"standard","meta":{"fifu_image_url":"","fifu_image_alt":"","footnotes":""},"categories":[73,53],"tags":[],"class_list":["post-101495","post","type-post","status-publish","format-standard","hentry","category-actualite","category-algerie"],"_links":{"self":[{"href":"https:\/\/linitiative.ca\/International\/wp-json\/wp\/v2\/posts\/101495","targetHints":{"allow":["GET"]}}],"collection":[{"href":"https:\/\/linitiative.ca\/International\/wp-json\/wp\/v2\/posts"}],"about":[{"href":"https:\/\/linitiative.ca\/International\/wp-json\/wp\/v2\/types\/post"}],"author":[{"embeddable":true,"href":"https:\/\/linitiative.ca\/International\/wp-json\/wp\/v2\/users\/1742"}],"replies":[{"embeddable":true,"href":"https:\/\/linitiative.ca\/International\/wp-json\/wp\/v2\/comments?post=101495"}],"version-history":[{"count":0,"href":"https:\/\/linitiative.ca\/International\/wp-json\/wp\/v2\/posts\/101495\/revisions"}],"wp:attachment":[{"href":"https:\/\/linitiative.ca\/International\/wp-json\/wp\/v2\/media?parent=101495"}],"wp:term":[{"taxonomy":"category","embeddable":true,"href":"https:\/\/linitiative.ca\/International\/wp-json\/wp\/v2\/categories?post=101495"},{"taxonomy":"post_tag","embeddable":true,"href":"https:\/\/linitiative.ca\/International\/wp-json\/wp\/v2\/tags?post=101495"}],"curies":[{"name":"wp","href":"https:\/\/api.w.org\/{rel}","templated":true}]}}