{"id":101496,"date":"2020-10-12T11:00:00","date_gmt":"2020-10-12T15:00:00","guid":{"rendered":"https:\/\/linitiative.ca\/International\/sit-in-des-travailleurs-de-la-ratp-el-djazair\/"},"modified":"2020-10-12T11:00:00","modified_gmt":"2020-10-12T15:00:00","slug":"sit-in-des-travailleurs-de-la-ratp-el-djazair","status":"publish","type":"post","link":"https:\/\/linitiative.ca\/International\/sit-in-des-travailleurs-de-la-ratp-el-djazair\/","title":{"rendered":"Sit-in des travailleurs de la RATP El Djaza\u00efr"},"content":{"rendered":"<div id=\"originalText\" readability=\"53\">\n<p class=\"c6\">Les travailleurs du m\u00e9tro d\u2019Alger ont observ\u00e9 dans la matin\u00e9e d\u2019hier, un sit-in pour r\u00e9clamer les arri\u00e9r\u00e9s de salaire \u00e0 l\u2019entreprise fran\u00e7aise partante RATP El Djaza\u00efr. En effet, le M\u00e9tro d\u2019Alger sera g\u00e9r\u00e9 par une entreprise qu\u2019ils vont appeler CIMA, une filiale de l\u2019Entreprise du m\u00e9tro d\u2019Alger (EMA), \u00e0 partir du 1er novembre prochain. \u00ab\u00a0La gestion du m\u00e9tro d\u2019Alger sera confi\u00e9e \u00e0 une entreprise 100% alg\u00e9rienne\u00a0\u00bb, a d\u00e9clar\u00e9 le ministre des Transports, Hani Lazhar, en pr\u00e9cisant que le contrat liant l\u2019EMA au partenaire \u00e9tranger (RATP- El Djaza\u00efr, filiale de la compagnie fran\u00e7aise RATP-D\u00e9veloppement), arrivera \u00e0 son terme le 31 octobre courant.<\/p>\n<p class=\"c6\">Ainsi, plusieurs travailleurs se sont rassembl\u00e9s devant le si\u00e8ge de l\u2019EMA \u00e0 la place Emiliano Zapata (Hussein Dey) pour exiger le versement de la totalit\u00e9 du salaire du mois de septembre. \u00ab\u00a0Nous sommes l\u00e0 pour la prestation des 70 % qu\u2019ils ne nous ont pas vers\u00e9\u00a0\u00bb, a indiqu\u00e9 Yasmine, employ\u00e9e \u00e0 la RATP. Pour elle, \u00ab\u00a0c\u2019est une provocation car nous avons exig\u00e9 la prime de fin de contrat de la RATP El Djaza\u00efr\u00a0\u00bb.\u00a0<\/p>\n<div>\u00a0<\/p>\n<p class=\"c6\">\u00a0<\/p>\n<p class=\"c7\"><strong>Im\u00e8ne AMOKRANE<\/strong><\/p>\n<\/div>\n<\/div>\n<div id=\"text_core\" readability=\"53\">\n<p class=\"c6\">Les travailleurs du m\u00e9tro d\u2019Alger ont observ\u00e9 dans la matin\u00e9e d\u2019hier, un sit-in pour r\u00e9clamer les arri\u00e9r\u00e9s de salaire \u00e0 l\u2019entreprise fran\u00e7aise partante RATP El Djaza\u00efr. En effet, le M\u00e9tro d\u2019Alger sera g\u00e9r\u00e9 par une entreprise qu\u2019ils vont appeler CIMA, une filiale de l\u2019Entreprise du m\u00e9tro d\u2019Alger (EMA), \u00e0 partir du 1er novembre prochain. \u00ab\u00a0La gestion du m\u00e9tro d\u2019Alger sera confi\u00e9e \u00e0 une entreprise 100% alg\u00e9rienne\u00a0\u00bb, a d\u00e9clar\u00e9 le ministre des Transports, Hani Lazhar, en pr\u00e9cisant que le contrat liant l\u2019EMA au partenaire \u00e9tranger (RATP- El Djaza\u00efr, filiale de la compagnie fran\u00e7aise RATP-D\u00e9veloppement), arrivera \u00e0 son terme le 31 octobre courant.<\/p>\n<p class=\"c6\">Ainsi, plusieurs travailleurs se sont rassembl\u00e9s devant le si\u00e8ge de l\u2019EMA \u00e0 la place Emiliano Zapata (Hussein Dey) pour exiger le versement de la totalit\u00e9 du salaire du mois de septembre. \u00ab\u00a0Nous sommes l\u00e0 pour la prestation des 70 % qu\u2019ils ne nous ont pas vers\u00e9\u00a0\u00bb, a indiqu\u00e9 Yasmine, employ\u00e9e \u00e0 la RATP. Pour elle, \u00ab\u00a0c\u2019est une provocation car nous avons exig\u00e9 la prime de fin de contrat de la RATP El Djaza\u00efr\u00a0\u00bb.\u00a0<\/p>\n<div>\u00a0<\/p>\n<p class=\"c6\">\u00a0<\/p>\n<p class=\"c7\"><strong>Im\u00e8ne AMOKRANE<\/strong><\/p>\n<\/div>\n<\/div>\n<p>Auteur:<br \/>\n<a href=\"https:\/\/www.liberte-algerie.com\/actualite\/sit-in-des-travailleurs-de-la-ratp-el-djazair-347156\">Cliquez ici pour lire l&rsquo;article depuis sa source.<\/a><\/p>\n","protected":false},"excerpt":{"rendered":"<p>Les travailleurs du m\u00e9tro d\u2019Alger ont observ\u00e9 dans la matin\u00e9e d\u2019hier, un sit-in pour r\u00e9clamer les arri\u00e9r\u00e9s de salaire \u00e0 l\u2019entreprise fran\u00e7aise partante RATP El Djaza\u00efr. En effet, le M\u00e9tro d\u2019Alger sera g\u00e9r\u00e9 par une entreprise qu\u2019ils vont appeler CIMA, une filiale de l\u2019Entreprise du m\u00e9tro d\u2019Alger (EMA), \u00e0 partir du 1er novembre prochain. \u00ab\u00a0La [&hellip;]<\/p>\n","protected":false},"author":1742,"featured_media":0,"comment_status":"closed","ping_status":"closed","sticky":false,"template":"","format":"standard","meta":{"fifu_image_url":"","fifu_image_alt":"","footnotes":""},"categories":[73,53],"tags":[],"class_list":["post-101496","post","type-post","status-publish","format-standard","hentry","category-actualite","category-algerie"],"_links":{"self":[{"href":"https:\/\/linitiative.ca\/International\/wp-json\/wp\/v2\/posts\/101496","targetHints":{"allow":["GET"]}}],"collection":[{"href":"https:\/\/linitiative.ca\/International\/wp-json\/wp\/v2\/posts"}],"about":[{"href":"https:\/\/linitiative.ca\/International\/wp-json\/wp\/v2\/types\/post"}],"author":[{"embeddable":true,"href":"https:\/\/linitiative.ca\/International\/wp-json\/wp\/v2\/users\/1742"}],"replies":[{"embeddable":true,"href":"https:\/\/linitiative.ca\/International\/wp-json\/wp\/v2\/comments?post=101496"}],"version-history":[{"count":0,"href":"https:\/\/linitiative.ca\/International\/wp-json\/wp\/v2\/posts\/101496\/revisions"}],"wp:attachment":[{"href":"https:\/\/linitiative.ca\/International\/wp-json\/wp\/v2\/media?parent=101496"}],"wp:term":[{"taxonomy":"category","embeddable":true,"href":"https:\/\/linitiative.ca\/International\/wp-json\/wp\/v2\/categories?post=101496"},{"taxonomy":"post_tag","embeddable":true,"href":"https:\/\/linitiative.ca\/International\/wp-json\/wp\/v2\/tags?post=101496"}],"curies":[{"name":"wp","href":"https:\/\/api.w.org\/{rel}","templated":true}]}}