{"id":101500,"date":"2020-10-12T05:46:05","date_gmt":"2020-10-12T09:46:05","guid":{"rendered":"https:\/\/linitiative.ca\/International\/la-caravane-unis-contre-le-covid-19-fait-escale-a-kelaa-des-sraghna\/"},"modified":"2020-10-12T05:46:05","modified_gmt":"2020-10-12T09:46:05","slug":"la-caravane-unis-contre-le-covid-19-fait-escale-a-kelaa-des-sraghna","status":"publish","type":"post","link":"https:\/\/linitiative.ca\/International\/la-caravane-unis-contre-le-covid-19-fait-escale-a-kelaa-des-sraghna\/","title":{"rendered":"La caravane \u00ab\u00a0Unis contre le Covid-19\u00a0\u00bb fait escale \u00e0 Kela\u00e2 des Sraghna"},"content":{"rendered":"<div readability=\"36\">\n<p>El Kela\u00e2 des Sraghna \u2013 La caravane nationale \u00ab\u00a0Unis contre le Covid-19\u00a0\u00bb ciblant aussi bien les \u00e9tablissements scolaires que les espaces publics a fait escale, dimanche, \u00e0 Kela\u00e2 des Sraghna apr\u00e8s la premi\u00e8re \u00e9tape organis\u00e9e dans la ville de Mohamm\u00e9dia.<\/p>\n<\/div>\n<div readability=\"92\">\n<p>Organis\u00e9e par la Coalition nationale de la diplomatie parall\u00e8le, en partenariat avec le tissu industriel et \u00e9conomique, cette initiative humanitaire comportait plusieurs volets en relation avec la sensibilisation contre la Covid-19.<\/p>\n<p>Ainsi, les organisateurs ont proc\u00e9d\u00e9 \u00e0 l\u2019am\u00e9nagement d\u2019un village p\u00e9dagogique qui accueille les populations pour leur expliquer les dangers du nouveau coronavirus, les moyens de se pr\u00e9munir contre ce mal invisible et comment cohabiter avec la maladie.<\/p>\n<p>Les b\u00e9n\u00e9voles de cette caravane ont proc\u00e9d\u00e9 \u00e0 la distribution \u00e0 titre gracieux des solutions hydroalcooliques et des masques de protection au profit des populations locales.<\/p>\n<p>En outre, pas moins de 100 directeurs d\u2019\u00e9tablissements scolaires de la province ont b\u00e9n\u00e9fici\u00e9 d\u2019une formation, encadr\u00e9e par des m\u00e9decins de l\u2019Association marocaine des m\u00e9decins psychiatres, dont l\u2019objectif consiste \u00e0 expliquer comment cohabiter avec la pand\u00e9mie et comment se comporter avec les enfants dans le contexte actuel de la pand\u00e9mie.<\/p>\n<p>Cette initiative comportait \u00e9galement des op\u00e9rations de st\u00e9rilisation des \u00e9tablissements scolaires, ainsi qu\u2019une caravane de sensibilisation qui a sillonn\u00e9 les art\u00e8res et quartiers de la ville.<\/p>\n<p>Les petits taxis de la ville ont fortement adh\u00e9r\u00e9 \u00e0 cette initiative en parcourant la ville dans le but de sensibiliser contre les dangers de la Covid-19.<\/p>\n<p>Cette caravane a \u00e9t\u00e9 rehauss\u00e9e par la participation de figures appartenant aux domaines sportif, artistique et m\u00e9diatique.<\/p>\n<p>Dans une d\u00e9claration \u00e0 la MAP, le pr\u00e9sident de la Coalition nationale de la diplomatie parall\u00e8le, M. Mokhtar Lamrabet, a soulign\u00e9 que cette caravane intervient en interaction avec les discours royaux qui appellent \u00e0 l\u2019adh\u00e9sion de la soci\u00e9t\u00e9 civile et du tissu \u00e9conomique dans les efforts de lutte contre la pand\u00e9mie de la Covid-19.<\/p>\n<p>\u00ab\u00a0En organisant ce genre d\u2019initiatives humanitaires, qui t\u00e9moignent de la dynamique de la soci\u00e9t\u00e9 civile, nous voulons que nos enfants arrivent \u00e0 surmonter cette conjoncture difficile en pleine forme physique et morale\u00a0\u00bb, a-t-il dit.<\/p>\n<p>Cette caravane, dont le lancement a \u00e9t\u00e9 donn\u00e9 par le gouverneur de la province, M. Hicham Smahi, en pr\u00e9sence notamment du directeur de l\u2019Acad\u00e9mie r\u00e9gionale de l\u2019\u00e9ducation et de la formation, Moulay Ahmed Karimi, le d\u00e9l\u00e9gu\u00e9 provincial par int\u00e9rim de la sant\u00e9, a \u00e9t\u00e9 marqu\u00e9e par un vibrant hommage rendu au staff m\u00e9dical et param\u00e9dical en premi\u00e8re ligne du combat contre la Covid-19, ainsi qu\u2019\u00e0 des personnalit\u00e9s appartenant \u00e0 plusieurs domaines.<\/p>\n<\/div>\n<p>Auteur: Meriem IGASS<br \/>\n<a href=\"http:\/\/www.mapmarrakech.ma\/fr\/la-caravane-unis-contre-le-covid-19-fait-escale-a-kelaa-des-sraghna\/\">Cliquez ici pour lire l&rsquo;article depuis sa source.<\/a><\/p>\n","protected":false},"excerpt":{"rendered":"<p>El Kela\u00e2 des Sraghna \u2013 La caravane nationale \u00ab\u00a0Unis contre le Covid-19\u00a0\u00bb ciblant aussi bien les \u00e9tablissements scolaires que les espaces publics a fait escale, dimanche, \u00e0 Kela\u00e2 des Sraghna apr\u00e8s la premi\u00e8re \u00e9tape organis\u00e9e dans la ville de Mohamm\u00e9dia. Organis\u00e9e par la Coalition nationale de la diplomatie parall\u00e8le, en partenariat avec le tissu industriel [&hellip;]<\/p>\n","protected":false},"author":1788,"featured_media":0,"comment_status":"closed","ping_status":"closed","sticky":false,"template":"","format":"standard","meta":{"fifu_image_url":"","fifu_image_alt":"","footnotes":""},"categories":[54,76],"tags":[],"class_list":["post-101500","post","type-post","status-publish","format-standard","hentry","category-maroc","category-regions"],"_links":{"self":[{"href":"https:\/\/linitiative.ca\/International\/wp-json\/wp\/v2\/posts\/101500","targetHints":{"allow":["GET"]}}],"collection":[{"href":"https:\/\/linitiative.ca\/International\/wp-json\/wp\/v2\/posts"}],"about":[{"href":"https:\/\/linitiative.ca\/International\/wp-json\/wp\/v2\/types\/post"}],"author":[{"embeddable":true,"href":"https:\/\/linitiative.ca\/International\/wp-json\/wp\/v2\/users\/1788"}],"replies":[{"embeddable":true,"href":"https:\/\/linitiative.ca\/International\/wp-json\/wp\/v2\/comments?post=101500"}],"version-history":[{"count":0,"href":"https:\/\/linitiative.ca\/International\/wp-json\/wp\/v2\/posts\/101500\/revisions"}],"wp:attachment":[{"href":"https:\/\/linitiative.ca\/International\/wp-json\/wp\/v2\/media?parent=101500"}],"wp:term":[{"taxonomy":"category","embeddable":true,"href":"https:\/\/linitiative.ca\/International\/wp-json\/wp\/v2\/categories?post=101500"},{"taxonomy":"post_tag","embeddable":true,"href":"https:\/\/linitiative.ca\/International\/wp-json\/wp\/v2\/tags?post=101500"}],"curies":[{"name":"wp","href":"https:\/\/api.w.org\/{rel}","templated":true}]}}