{"id":101501,"date":"2020-10-12T05:54:13","date_gmt":"2020-10-12T09:54:13","guid":{"rendered":"https:\/\/linitiative.ca\/International\/debat-sur-les-repercussions-de-la-covid-19-et-la-relance-economique\/"},"modified":"2020-10-12T05:54:13","modified_gmt":"2020-10-12T09:54:13","slug":"debat-sur-les-repercussions-de-la-covid-19-et-la-relance-economique","status":"publish","type":"post","link":"https:\/\/linitiative.ca\/International\/debat-sur-les-repercussions-de-la-covid-19-et-la-relance-economique\/","title":{"rendered":"D\u00e9bat sur les r\u00e9percussions de la Covid-19 et la relance \u00e9conomique"},"content":{"rendered":"<div readability=\"37\">\n<p>El Kela\u00e2 des Sraghna \u2013 \u00ab\u00a0Les r\u00e9percussions de la pand\u00e9mie de la Covid-19 et les d\u00e9fis de la relance de l\u2019\u00e9conomie nationale\u00a0\u00bb ont \u00e9t\u00e9 au centre des d\u00e9bats lors d\u2019une rencontre organis\u00e9e, dimanche \u00e0 El Kela\u00e2 des Sraghna, dans le cadre de la Caravane nationale \u00ab\u00a0Unis contre la Covid-19\u00a0\u00bb.<\/p>\n<\/div>\n<div readability=\"100\">\n<p>Les participants \u00e0 cette rencontre, ont \u00e9t\u00e9 unanimes \u00e0 souligner que la soci\u00e9t\u00e9 civile est fortement engag\u00e9e dans les efforts visant \u00e0 endiguer la propagation du nouveau coronavirus, estimant que celle-ci est appel\u00e9e \u00e0 \u00e9laborer des visions et \u00e0 formuler des propositions \u00e0 m\u00eame de lui permettre de contribuer aux c\u00f4t\u00e9s des autres composantes de la soci\u00e9t\u00e9, aux efforts de lutte contre la pand\u00e9mie.<\/p>\n<p>Intervenant \u00e0 cette occasion, le pr\u00e9sident de la Coalition Nationale de la Diplomatie Parall\u00e8le, M. Mokhtar Lamrabet, a relev\u00e9 que cette crise a d\u00e9montr\u00e9 le r\u00f4le important de la soci\u00e9t\u00e9 civile ainsi que la n\u00e9cessit\u00e9 de renforcer et d\u2019appuyer son action pour participer au d\u00e9veloppement, notant que les associations se sont acquitt\u00e9es d\u2019un grand r\u00f4le notamment en mati\u00e8re de sensibilisation et de conscientisation des citoyens quant \u00e0 l\u2019importance de se conformer aux r\u00e8gles de s\u00e9curit\u00e9 sanitaire et aux mesures pr\u00e9ventives d\u00e9cr\u00e9t\u00e9es par les autorit\u00e9s comp\u00e9tentes.<\/p>\n<p>De son c\u00f4t\u00e9, le directeur de l\u2019Acad\u00e9mie R\u00e9gionale d\u2019Education et de Formation (AREF) de Marrakech-Safi, Moulay Ahmed Karimi, a indiqu\u00e9 que les \u00e9tablissements scolaires au niveau de la r\u00e9gion Marrakech- Safi demeurent fortement mobilis\u00e9s pour faire face \u00e0 la propagation de la Covid-19 en milieu scolaire, rappelant que les examens du baccalaur\u00e9at ont \u00e9t\u00e9 une r\u00e9ussite \u00e0 tous les niveaux.<\/p>\n<p>L\u2019AREF est en train de travailler en vue de doter tous les \u00e9tablissements scolaires de la r\u00e9gion, d\u2019une connexion Internet afin de tirer vers le haut la qualit\u00e9 du syst\u00e8me \u00e9ducatif, a-t-il fait savoir, notant que l\u2019\u00e9cole marocaine est dans une phase marqu\u00e9e par des transformations prometteuses en termes de qualit\u00e9.<\/p>\n<p>Dans son intervention, M. Abdelmalek Abroun, membre du Comit\u00e9 directeur de la F\u00e9d\u00e9ration Royale marocaine de football (FRMF), a abord\u00e9 les r\u00e9percussions de la pand\u00e9mie sur le secteur du sport au niveau national, rappelant les principales mesures prises par la FRMF depuis le d\u00e9clenchement de la pand\u00e9mie au Maroc.<\/p>\n<p>M. Abroun a relev\u00e9 que les clubs marocains ont fait preuve d\u2019une grande audace dans la gestion de cette crise sanitaire, rappelant que le Royaume a \u00e9t\u00e9 parmi les premiers pays \u00e0 prendre la d\u00e9cision de la reprise des comp\u00e9titions footballistiques.<\/p>\n<p>La caravane nationale \u00ab\u00a0Unis contre le Covid-19\u00a0\u00bb ciblant aussi bien les \u00e9tablissements scolaires que les espaces publics a fait escale, dimanche, \u00e0 El Kela\u00e2 des Sraghna apr\u00e8s la premi\u00e8re \u00e9tape organis\u00e9e dans la ville de Mohamm\u00e9dia.<\/p>\n<p>Organis\u00e9e par la Coalition nationale de la diplomatie parall\u00e8le, en partenariat avec le tissu industriel et \u00e9conomique, cette initiative humanitaire comportait un village p\u00e9dagogique qui accueille les populations pour leur expliquer les dangers du nouveau coronavirus, les moyens de se pr\u00e9munir contre ce mal invisible et comment cohabiter avec la maladie et la distribution des solutions hydroalcooliques et des masques de protection au profit des populations locales.<\/p>\n<p>En outre, pas moins de 100 directeurs d\u2019\u00e9tablissements scolaires de la province ont b\u00e9n\u00e9fici\u00e9 d\u2019une formation, encadr\u00e9e par des membres de l\u2019Association marocaine des m\u00e9decins psychiatres, dont l\u2019objectif consiste \u00e0 expliquer comment cohabiter avec la pand\u00e9mie et comment se comporter avec les enfants dans le contexte actuel.<\/p>\n<\/div>\n<p>Auteur: Meriem IGASS<br \/>\n<a href=\"http:\/\/www.mapmarrakech.ma\/fr\/debat-sur-les-repercussions-de-la-covid-19-et-la-relance-de-leconomie\/\">Cliquez ici pour lire l&rsquo;article depuis sa source.<\/a><\/p>\n","protected":false},"excerpt":{"rendered":"<p>El Kela\u00e2 des Sraghna \u2013 \u00ab\u00a0Les r\u00e9percussions de la pand\u00e9mie de la Covid-19 et les d\u00e9fis de la relance de l\u2019\u00e9conomie nationale\u00a0\u00bb ont \u00e9t\u00e9 au centre des d\u00e9bats lors d\u2019une rencontre organis\u00e9e, dimanche \u00e0 El Kela\u00e2 des Sraghna, dans le cadre de la Caravane nationale \u00ab\u00a0Unis contre la Covid-19\u00a0\u00bb. Les participants \u00e0 cette rencontre, ont [&hellip;]<\/p>\n","protected":false},"author":1788,"featured_media":0,"comment_status":"closed","ping_status":"closed","sticky":false,"template":"","format":"standard","meta":{"fifu_image_url":"","fifu_image_alt":"","footnotes":""},"categories":[54,76],"tags":[],"class_list":["post-101501","post","type-post","status-publish","format-standard","hentry","category-maroc","category-regions"],"_links":{"self":[{"href":"https:\/\/linitiative.ca\/International\/wp-json\/wp\/v2\/posts\/101501","targetHints":{"allow":["GET"]}}],"collection":[{"href":"https:\/\/linitiative.ca\/International\/wp-json\/wp\/v2\/posts"}],"about":[{"href":"https:\/\/linitiative.ca\/International\/wp-json\/wp\/v2\/types\/post"}],"author":[{"embeddable":true,"href":"https:\/\/linitiative.ca\/International\/wp-json\/wp\/v2\/users\/1788"}],"replies":[{"embeddable":true,"href":"https:\/\/linitiative.ca\/International\/wp-json\/wp\/v2\/comments?post=101501"}],"version-history":[{"count":0,"href":"https:\/\/linitiative.ca\/International\/wp-json\/wp\/v2\/posts\/101501\/revisions"}],"wp:attachment":[{"href":"https:\/\/linitiative.ca\/International\/wp-json\/wp\/v2\/media?parent=101501"}],"wp:term":[{"taxonomy":"category","embeddable":true,"href":"https:\/\/linitiative.ca\/International\/wp-json\/wp\/v2\/categories?post=101501"},{"taxonomy":"post_tag","embeddable":true,"href":"https:\/\/linitiative.ca\/International\/wp-json\/wp\/v2\/tags?post=101501"}],"curies":[{"name":"wp","href":"https:\/\/api.w.org\/{rel}","templated":true}]}}