{"id":101502,"date":"2020-10-12T09:58:07","date_gmt":"2020-10-12T13:58:07","guid":{"rendered":"https:\/\/linitiative.ca\/International\/600-projets-presentes-lors-de-la-2eme-caravane-maroc-innov\/"},"modified":"2020-10-12T09:58:07","modified_gmt":"2020-10-12T13:58:07","slug":"600-projets-presentes-lors-de-la-2eme-caravane-maroc-innov","status":"publish","type":"post","link":"https:\/\/linitiative.ca\/International\/600-projets-presentes-lors-de-la-2eme-caravane-maroc-innov\/","title":{"rendered":"600 projets pr\u00e9sent\u00e9s lors de la 2\u00e8me Caravane \u00ab\u00a0Maroc-Innov\u00a0\u00bb"},"content":{"rendered":"<div readability=\"36\">\n<p>Essaouira \u2013 Quelque 600 projets et id\u00e9es ont \u00e9t\u00e9 pr\u00e9sent\u00e9s lors de la 2\u00e8me \u00e9dition de la Caravane \u00ab\u00a0Maroc-Innov\u00a0\u00bb, organis\u00e9e du 21 au 24 septembre dernier dans la province d\u2019Essaouira, ont annonc\u00e9 les organisateurs.<\/p>\n<\/div>\n<div readability=\"71\">\n<p>Initi\u00e9e par la Fondation de Recherche, de D\u00e9veloppement et d\u2019Innovation en Sciences et Ing\u00e9nierie (FRDISI) en partenariat avec l\u2019Initiative Nationale pour le D\u00e9veloppement Humain (INDH) au niveau de la pr\u00e9fecture de la province d\u2019Essaouira, cette Caravane s\u2019inscrit dans le cadre de la mise en \u0153uvre du programme d\u2019am\u00e9lioration du revenu et d\u2019inclusion \u00e9conomique des jeunes.<\/p>\n<p>La Caravane, qui a sillonn\u00e9 quatre jours durant les diff\u00e9rentes r\u00e9gions de la province d\u2019Essaouira, a rencontr\u00e9 les porteurs de projets et d\u2019id\u00e9es dans le strict respect des mesures pr\u00e9ventives pr\u00e9conis\u00e9es par les autorit\u00e9s comp\u00e9tentes pour enrayer la propagation de la pand\u00e9mie de la Covid-19, ont pr\u00e9cis\u00e9 les organisateurs, qui ont salu\u00e9 la forte mobilisation des agents d\u2019autorit\u00e9 au niveau de leurs ressorts territoriaux d\u2019intervention pour la r\u00e9ussite de cette op\u00e9ration d\u2019envergure.<\/p>\n<p>Organis\u00e9e avec le concours de moult partenaires, la Caravane \u00ab\u00a0Maroc-Innov\u00a0\u00bb, qui s\u2019est d\u00e9roul\u00e9e dans de bonnes conditions malgr\u00e9 le contexte actuel de la pand\u00e9mie, constitue une initiative permettant aux jeunes porteurs de projets de faire \u00e9talage du potentiel de leurs id\u00e9es innovantes.<\/p>\n<p>Elle se veut aussi une invitation aux jeunes \u00e2g\u00e9s de 18 ans et plus pour pr\u00e9senter et concevoir leurs projets en vue de la cr\u00e9ation de startups dans les diff\u00e9rents domaines.<\/p>\n<p>Par ailleurs, la r\u00e9ception des demandes et le d\u00e9p\u00f4t des dossiers des porteurs de projets s\u2019est poursuivie jusqu\u2019au 3 octobre, aussi bien directement au niveau des bureaux ouverts de la Fondation qu\u2019\u00e0 travers l\u2019adresse \u00e9lectronique \u00ab\u00a0www.marocinnov.ma\u00a0\u00bb.<\/p>\n<p>A noter que cette Caravane \u00e9tait ouverte \u00e0 toutes les personnes au niveau de la province d\u2019Essaouira disposant d\u2019une id\u00e9e, d\u2019une initiative, d\u2019un produit ou d\u2019un service qui pourra contribuer \u00e0 r\u00e9soudre une probl\u00e9matique de d\u00e9veloppement, de d\u00e9veloppement durable ou d\u2019acc\u00e8s aux services dans les diff\u00e9rents domaines au niveau de la province.<\/p>\n<\/div>\n<p>Auteur: Meriem IGASS<br \/>\n<a href=\"http:\/\/www.mapmarrakech.ma\/fr\/600-projets-presentes-lors-de-la-2eme-caravane-maroc-innov\/\">Cliquez ici pour lire l&rsquo;article depuis sa source.<\/a><\/p>\n","protected":false},"excerpt":{"rendered":"<p>Essaouira \u2013 Quelque 600 projets et id\u00e9es ont \u00e9t\u00e9 pr\u00e9sent\u00e9s lors de la 2\u00e8me \u00e9dition de la Caravane \u00ab\u00a0Maroc-Innov\u00a0\u00bb, organis\u00e9e du 21 au 24 septembre dernier dans la province d\u2019Essaouira, ont annonc\u00e9 les organisateurs. Initi\u00e9e par la Fondation de Recherche, de D\u00e9veloppement et d\u2019Innovation en Sciences et Ing\u00e9nierie (FRDISI) en partenariat avec l\u2019Initiative Nationale pour [&hellip;]<\/p>\n","protected":false},"author":1788,"featured_media":0,"comment_status":"closed","ping_status":"closed","sticky":false,"template":"","format":"standard","meta":{"fifu_image_url":"","fifu_image_alt":"","footnotes":""},"categories":[54,76],"tags":[],"class_list":["post-101502","post","type-post","status-publish","format-standard","hentry","category-maroc","category-regions"],"_links":{"self":[{"href":"https:\/\/linitiative.ca\/International\/wp-json\/wp\/v2\/posts\/101502","targetHints":{"allow":["GET"]}}],"collection":[{"href":"https:\/\/linitiative.ca\/International\/wp-json\/wp\/v2\/posts"}],"about":[{"href":"https:\/\/linitiative.ca\/International\/wp-json\/wp\/v2\/types\/post"}],"author":[{"embeddable":true,"href":"https:\/\/linitiative.ca\/International\/wp-json\/wp\/v2\/users\/1788"}],"replies":[{"embeddable":true,"href":"https:\/\/linitiative.ca\/International\/wp-json\/wp\/v2\/comments?post=101502"}],"version-history":[{"count":0,"href":"https:\/\/linitiative.ca\/International\/wp-json\/wp\/v2\/posts\/101502\/revisions"}],"wp:attachment":[{"href":"https:\/\/linitiative.ca\/International\/wp-json\/wp\/v2\/media?parent=101502"}],"wp:term":[{"taxonomy":"category","embeddable":true,"href":"https:\/\/linitiative.ca\/International\/wp-json\/wp\/v2\/categories?post=101502"},{"taxonomy":"post_tag","embeddable":true,"href":"https:\/\/linitiative.ca\/International\/wp-json\/wp\/v2\/tags?post=101502"}],"curies":[{"name":"wp","href":"https:\/\/api.w.org\/{rel}","templated":true}]}}