{"id":101503,"date":"2020-10-12T13:41:26","date_gmt":"2020-10-12T17:41:26","guid":{"rendered":"https:\/\/linitiative.ca\/International\/le-musee-berbere-devient-musee-pierre-berge-des-arts-berberes\/"},"modified":"2020-10-12T13:41:26","modified_gmt":"2020-10-12T17:41:26","slug":"le-musee-berbere-devient-musee-pierre-berge-des-arts-berberes","status":"publish","type":"post","link":"https:\/\/linitiative.ca\/International\/le-musee-berbere-devient-musee-pierre-berge-des-arts-berberes\/","title":{"rendered":"Le Mus\u00e9e Berb\u00e8re devient \u00ab\u00a0Mus\u00e9e Pierre Berg\u00e9 des arts berb\u00e8res\u00a0\u00bb"},"content":{"rendered":"<div readability=\"37\">\n<p>Marrakech \u2013 Le Mus\u00e9e Berb\u00e8re, cr\u00e9\u00e9 en 2011 par Pierre Berg\u00e9, portera d\u00e9sormais le nom de \u00ab\u00a0Mus\u00e9e Pierre Berg\u00e9 des arts berb\u00e8res\u00a0\u00bb en l\u2019honneur de son fondateur et de son engagement envers cette culture, a annonc\u00e9 lundi la Fondation Majorelle.<\/p>\n<\/div>\n<div readability=\"117\">\n<p>\u00ab\u00a0La Fondation Jardin Majorelle est fi\u00e8re d\u2019associer le nom de Pierre Berg\u00e9 \u00e0 cette institution dont il est le fondateur et le principal donateur, mais \u00e9galement comme l\u2019un des plus fervents d\u00e9fenseurs de la culture amazighe\u00a0\u00bb, indique un communiqu\u00e9 de cette institution culturelle.<\/p>\n<p>\u00ab\u00a0Nous souhaitons saisir l\u2019occasion du troisi\u00e8me anniversaire du mus\u00e9e Yves Saint Laurent de Marrakech, lui-m\u00eame imagin\u00e9 et con\u00e7u par Pierre Berg\u00e9, pour le communiquer publiquement\u00a0\u00bb, souligne la m\u00eame source.<\/p>\n<p>Pierre Berg\u00e9 et Yves Saint Laurent ont \u00e9t\u00e9, d\u00e9s leur arriv\u00e9e au Maroc dans les ann\u00e9es 60, passionn\u00e9s par les arts berb\u00e8res.<\/p>\n<p>\u00ab\u00a0Depuis mon arriv\u00e9e \u00e0 Marrakech en 1966, je n\u2019ai cess\u00e9 d\u2019\u00eatre fascin\u00e9 par la culture et l\u2019art berb\u00e8res. Au cours des ann\u00e9es, j\u2019ai collectionn\u00e9 et admir\u00e9 cet art qui s\u2019\u00e9tend sur plusieurs pays. \u00c0 juste titre, les Amazighs ont toujours \u00e9t\u00e9 fiers de leur culture qu\u2019ils n\u2019ont cess\u00e9e de revendiquer malgr\u00e9 les vicissitudes qu\u2019ils rencontraient. \u00c0 Marrakech, pays berb\u00e8re, dans le Jardin Majorelle cr\u00e9\u00e9 par un artiste qui a peint tant de sc\u00e8nes, d\u2019hommes et de femmes berb\u00e8res, c\u2019est naturellement que l\u2019id\u00e9e de ce Mus\u00e9e s\u2019est impos\u00e9e\u00a0\u00bb, avait soulign\u00e9 Pierre Berg\u00e9 cit\u00e9 par la Fondation Majorelle.<\/p>\n<p>Selon le communiqu\u00e9, les Berb\u00e8res ou Amazighs sont l\u2019un des plus anciens peuples d\u2019Afrique du Nord. Leur pr\u00e9sence remonte \u00e0 la protohistoire, il y a plus de 9.000 ans. Cette culture est, par ailleurs, riche de diverses influences qu\u2019elles soient africaines, m\u00e9diterran\u00e9ennes, orientales, europ\u00e9ennes ou internationales.<\/p>\n<p>Patrimoine commun \u00e0 tous les Marocains, elle constitue une composante fondamentale de leur identit\u00e9 nationale telle que Sa Majest\u00e9 le Roi Mohamed VI l\u2019a consacr\u00e9e par la Constitution de 2011. C\u2019est la m\u00eame ann\u00e9e que Pierre Berg\u00e9 a fond\u00e9 le Mus\u00e9e Berb\u00e8re en l\u00e9guant toute sa collection de plus de 600 objets.<\/p>\n<p>Cette donation pr\u00e9sente un panorama de l\u2019extraordinaire cr\u00e9ativit\u00e9 des arts berb\u00e8res (textiles, parures, tapis, poteries\u2026), et t\u00e9moigne de la diversit\u00e9 de cette culture encore vivante.<\/p>\n<p>Ce mus\u00e9e, visit\u00e9 depuis sa date d\u2019ouverture par plus de deux millions de personnes, a permis aux visiteurs marocains d\u2019approfondir leur connaissance de la culture amazighe, et, aux visiteurs \u00e9trangers de d\u00e9couvrir ce tr\u00e8s riche patrimoine.<\/p>\n<p>Pour rappel, Pierre Berg\u00e9 a \u00e9t\u00e9 d\u00e9cor\u00e9 en 2016 par Sa Majest\u00e9 le Roi Mohammed VI du Grand Cordon du Wissam Alaouite pour ses services \u00e9minents rendus au Royaume du Maroc.<\/p>\n<p>Par cette distinction, SM le Roi Mohammed VI a salu\u00e9 la profonde connaissance et la contribution de M. Berg\u00e9 en faveur de la promotion et de la pr\u00e9servation du patrimoine traditionnel marocain, rendant ainsi hommage \u00e0 l\u2019implication personnelle et au temps que consacre M. Pierre Berg\u00e9 \u00e0 ses diff\u00e9rents projets culturels au Maroc, tels que le mus\u00e9e de la Fondation \u00e0 Marrakech.<\/p>\n<p>Fondateur de la maison de haute couture Yves Saint Laurent, il rach\u00e8te en 1980 les Jardins Majorelle \u00e0 Marrakech avec Yves Saint Laurent avant d\u2019en faire l\u2019un des lieux les plus embl\u00e9matiques et mythiques de la ville ocre.<\/p>\n<p>En 2011, le Mus\u00e9e Berb\u00e8re est inaugur\u00e9 par sa fondation et une collection personnelle de Pierre Berg\u00e9 et de Yves Saint Laurent qui fait la part belle \u00e0 la culture amazighe, y est depuis pr\u00e9sent\u00e9e.<\/p>\n<\/div>\n<p>Auteur: Meriem IGASS<br \/>\n<a href=\"http:\/\/www.mapmarrakech.ma\/fr\/le-musee-berbere-devient-musee-pierre-berge-des-arts-berberes\/\">Cliquez ici pour lire l&rsquo;article depuis sa source.<\/a><\/p>\n","protected":false},"excerpt":{"rendered":"<p>Marrakech \u2013 Le Mus\u00e9e Berb\u00e8re, cr\u00e9\u00e9 en 2011 par Pierre Berg\u00e9, portera d\u00e9sormais le nom de \u00ab\u00a0Mus\u00e9e Pierre Berg\u00e9 des arts berb\u00e8res\u00a0\u00bb en l\u2019honneur de son fondateur et de son engagement envers cette culture, a annonc\u00e9 lundi la Fondation Majorelle. \u00ab\u00a0La Fondation Jardin Majorelle est fi\u00e8re d\u2019associer le nom de Pierre Berg\u00e9 \u00e0 cette institution [&hellip;]<\/p>\n","protected":false},"author":1788,"featured_media":0,"comment_status":"closed","ping_status":"closed","sticky":false,"template":"","format":"standard","meta":{"fifu_image_url":"","fifu_image_alt":"","footnotes":""},"categories":[54,76],"tags":[],"class_list":["post-101503","post","type-post","status-publish","format-standard","hentry","category-maroc","category-regions"],"_links":{"self":[{"href":"https:\/\/linitiative.ca\/International\/wp-json\/wp\/v2\/posts\/101503","targetHints":{"allow":["GET"]}}],"collection":[{"href":"https:\/\/linitiative.ca\/International\/wp-json\/wp\/v2\/posts"}],"about":[{"href":"https:\/\/linitiative.ca\/International\/wp-json\/wp\/v2\/types\/post"}],"author":[{"embeddable":true,"href":"https:\/\/linitiative.ca\/International\/wp-json\/wp\/v2\/users\/1788"}],"replies":[{"embeddable":true,"href":"https:\/\/linitiative.ca\/International\/wp-json\/wp\/v2\/comments?post=101503"}],"version-history":[{"count":0,"href":"https:\/\/linitiative.ca\/International\/wp-json\/wp\/v2\/posts\/101503\/revisions"}],"wp:attachment":[{"href":"https:\/\/linitiative.ca\/International\/wp-json\/wp\/v2\/media?parent=101503"}],"wp:term":[{"taxonomy":"category","embeddable":true,"href":"https:\/\/linitiative.ca\/International\/wp-json\/wp\/v2\/categories?post=101503"},{"taxonomy":"post_tag","embeddable":true,"href":"https:\/\/linitiative.ca\/International\/wp-json\/wp\/v2\/tags?post=101503"}],"curies":[{"name":"wp","href":"https:\/\/api.w.org\/{rel}","templated":true}]}}