{"id":101506,"date":"2020-10-12T13:22:39","date_gmt":"2020-10-12T17:22:39","guid":{"rendered":"https:\/\/linitiative.ca\/International\/port-de-mostaganem-baisse-de-lactivite-de-30-durant-les-9-premiers-mois-de-lannee-2020\/"},"modified":"2020-10-12T13:22:39","modified_gmt":"2020-10-12T17:22:39","slug":"port-de-mostaganem-baisse-de-lactivite-de-30-durant-les-9-premiers-mois-de-lannee-2020","status":"publish","type":"post","link":"https:\/\/linitiative.ca\/International\/port-de-mostaganem-baisse-de-lactivite-de-30-durant-les-9-premiers-mois-de-lannee-2020\/","title":{"rendered":"Port de Mostaganem: baisse de l\u2019activit\u00e9 de 30% durant les 9 premiers mois de l\u2019ann\u00e9e 2020"},"content":{"rendered":"<div readability=\"35\">\n<p><strong>MOSTAGANEM &#8211; Le volume des activit\u00e9s commerciales de l\u2019Entreprise portuaire de Mostaganem (EPM) a connu une baisse de 35 pour cent durant les neuf (9) premiers de l\u2019ann\u00e9e en cours, a-t-on appris lundi aupr\u00e8s de la direction commerciale de cette entreprise.<\/strong><\/p>\n<\/div>\n<div readability=\"86.88820591625\">\n<p>Les chiffres pr\u00e9sent\u00e9s par le service des statistiques relevant de la direction commerciale du port de Mostaganem font \u00e9tat d\u2019une baisse de l\u2019activit\u00e9 commerciale de plus de 336.000 tonnes par rapport avec celle enregistr\u00e9e durant la m\u00eame p\u00e9riode de l\u2019ann\u00e9e \u00e9coul\u00e9e.<\/p>\n<p>Selon la m\u00eame source, le volume des activit\u00e9s commerciales a atteint, jusqu\u2019au 30 septembre dernier, 633.000 tonnes contre pr\u00e8s de 970.000 tonnes durant les 9 premiers mois de l\u2019ann\u00e9e 2019.<\/p>\n<blockquote readability=\"14\">\n<p><em><strong>Les importations portuaires, enregistr\u00e9es entre le 1er janvier et le 30 septembre derniers, ont connu un fl\u00e9chissement de 32 pour cent, tandis que les exportations n\u2019ont pas d\u00e9pass\u00e9, durant cette p\u00e9riode, le seuil des 70.000 tonnes contre 133.000 tonnes durant l\u2019ann\u00e9e pass\u00e9e, a-t-on ajout\u00e9 .<\/strong><\/em><\/p>\n<\/blockquote>\n<p>Le bilan du trafic portuaire fait \u00e9tat d\u2019une baisse des importations des produits alimentaires et p\u00e9troliers, du fer, de l\u2019acier et d\u00e9riv\u00e9s contre une hausse des produits agricoles, \u00e0 savoir l\u2019avoine et les semences de pomme de terre et le bois, les produits chimiques et les ciments.<\/p>\n<hr\/>\n<h3>Lire aussi:\u00a0<a href=\"http:\/\/www.aps.dz\/regions\/107602-port-de-mostaganem-baisse-de-35-du-volume-de-l-activite-commerciale-au-premier-semestre-2020\" target=\"_blank\" rel=\"noopener noreferrer\">Port de Mostaganem: baisse de 35% du volume de l&rsquo;activit\u00e9 commerciale au 1e semestre 2020<\/a><\/h3>\n<hr\/>\n<p>A l\u2019import, le volume du trafic a connu un recul \u00e0 travers la r\u00e9ception de diff\u00e9rents produits dont les canalisations en fonte (95 pc), bitume (52 pc), les viandes (50 pc), les barres en acier (49 pc) alors que le volume des mati\u00e8res chimiques et engrais a enregistr\u00e9 un taux de 47 pc, a-t-on fait savoir.<\/p>\n<blockquote readability=\"14\">\n<p><em><strong>A l\u2019export, les services portuaires ont enregistr\u00e9, durant la m\u00eame p\u00e9riode, des cargaisons de 48.169 tonnes de rond \u00e0 b\u00e9ton, des chargements de 4.368 tonnes d\u2019h\u00e9lium, de 576 tonnes de pomme de terre de consommation et 204 tonnes de dattes en direction de plusieurs march\u00e9s europ\u00e9ens , africains et am\u00e9ricains.<\/strong><\/em><\/p>\n<\/blockquote>\n<p>En mati\u00e8re de conteneurisation, l\u2019activit\u00e9 portuaire a connu une baisse durant la m\u00eame p\u00e9riode, selon les donn\u00e9es statistiques, aussi bien pour les op\u00e9rations d\u2019importation que pour l\u2019exportation.<\/p>\n<p>A noter que depuis le d\u00e9but de l\u2019ann\u00e9e, il a \u00e9t\u00e9 proc\u00e9d\u00e9 au d\u00e9chargement de quelque 2.166 conteneurs pour un poids net de 28.740 tonnes et un chargement aux fins d\u2019exportation d\u2019une cargaison de 4.231 conteneurs d\u2019un poids de 9.495 tonnes.<\/p>\n<p>Pour rappel, le volume du trafic commercial de l\u2019Entreprise portuaire de Mostaganem a atteint, durant l\u2019ann\u00e9e \u00e9coul\u00e9e, 1,2 millions de tonnes avec l\u2019enregistrement d\u2019une courbe ascendante des exportations ayant atteint plus de 168.000 tonnes de diff\u00e9rentes marchandises et produits agricoles et mati\u00e8res.<\/p>\n<\/div>\n<p>Auteur:<br \/>\n<a href=\"http:\/\/www.aps.dz\/regions\/110933-port-de-mostaganem-baisse-de-l-activite-de-30-durant-les-9-premiers-mois-de-l-annee-2020\">Cliquez ici pour lire l&rsquo;article depuis sa source.<\/a><\/p>\n","protected":false},"excerpt":{"rendered":"<p>MOSTAGANEM &#8211; Le volume des activit\u00e9s commerciales de l\u2019Entreprise portuaire de Mostaganem (EPM) a connu une baisse de 35 pour cent durant les neuf (9) premiers de l\u2019ann\u00e9e en cours, a-t-on appris lundi aupr\u00e8s de la direction commerciale de cette entreprise. Les chiffres pr\u00e9sent\u00e9s par le service des statistiques relevant de la direction commerciale du [&hellip;]<\/p>\n","protected":false},"author":1790,"featured_media":0,"comment_status":"closed","ping_status":"closed","sticky":false,"template":"","format":"standard","meta":{"fifu_image_url":"","fifu_image_alt":"","footnotes":""},"categories":[53,76],"tags":[],"class_list":["post-101506","post","type-post","status-publish","format-standard","hentry","category-algerie","category-regions"],"_links":{"self":[{"href":"https:\/\/linitiative.ca\/International\/wp-json\/wp\/v2\/posts\/101506","targetHints":{"allow":["GET"]}}],"collection":[{"href":"https:\/\/linitiative.ca\/International\/wp-json\/wp\/v2\/posts"}],"about":[{"href":"https:\/\/linitiative.ca\/International\/wp-json\/wp\/v2\/types\/post"}],"author":[{"embeddable":true,"href":"https:\/\/linitiative.ca\/International\/wp-json\/wp\/v2\/users\/1790"}],"replies":[{"embeddable":true,"href":"https:\/\/linitiative.ca\/International\/wp-json\/wp\/v2\/comments?post=101506"}],"version-history":[{"count":0,"href":"https:\/\/linitiative.ca\/International\/wp-json\/wp\/v2\/posts\/101506\/revisions"}],"wp:attachment":[{"href":"https:\/\/linitiative.ca\/International\/wp-json\/wp\/v2\/media?parent=101506"}],"wp:term":[{"taxonomy":"category","embeddable":true,"href":"https:\/\/linitiative.ca\/International\/wp-json\/wp\/v2\/categories?post=101506"},{"taxonomy":"post_tag","embeddable":true,"href":"https:\/\/linitiative.ca\/International\/wp-json\/wp\/v2\/tags?post=101506"}],"curies":[{"name":"wp","href":"https:\/\/api.w.org\/{rel}","templated":true}]}}