{"id":101510,"date":"2020-10-12T12:30:00","date_gmt":"2020-10-12T16:30:00","guid":{"rendered":"https:\/\/linitiative.ca\/International\/greta-thunberg-du-cote-de-joe-biden\/"},"modified":"2020-10-12T12:30:00","modified_gmt":"2020-10-12T16:30:00","slug":"greta-thunberg-du-cote-de-joe-biden","status":"publish","type":"post","link":"https:\/\/linitiative.ca\/International\/greta-thunberg-du-cote-de-joe-biden\/","title":{"rendered":"Greta Thunberg,  du c\u00f4t\u00e9 de Joe Biden"},"content":{"rendered":"<p class=\"p1 c3\"><span class=\"c2\">Si elle se refuse \u00e0 prendre parti pour une formation politique ou une autre, selon ses dires, la jeune militante de 17 ans d\u00e9roge ce samedi \u00e0 cette r\u00e8gle pour contrer Donald Trump.<\/span><\/p>\n<p class=\"p1 c3\"><span class=\"c2\">La militante su\u00e9doise Greta Thunberg, figure du mouvement international de jeunes pour le climat \u00ab\u00a0Fridays for Future\u00a0\u00bb, a appel\u00e9 ce samedi les Am\u00e9ricains \u00e0 \u00e9lire le candidat d\u00e9mocrate Joe Biden face \u00e0 Donald Trump le mois prochain, dans une rare incursion dans la politique partisane.<\/span><\/p>\n<p class=\"p1 c3\"><span class=\"c2\">\u00ab\u00a0Du point de vue du climat c&rsquo;est loin d&rsquo;\u00eatre suffisant et beaucoup d&rsquo;entre vous d\u00e9fendiez bien s\u00fbr d&rsquo;autres candidats. Mais enfin&#8230; vous savez&#8230; bon sang! Organisez-vous juste et faites que tout le monde vote #Biden\u00a0\u00bb, a ajout\u00e9 la jeune Su\u00e9doise.<\/span><\/p>\n<p class=\"p1 c3\"><span class=\"c2\">\u00ab\u00a0How dare you?\u00a0\u00bb<\/span><\/p>\n<p class=\"p1 c3\"><span class=\"c2\">Donald Trump affiche r\u00e9guli\u00e8rement des positions climatosceptiques. \u00ab\u00a0Ca finira par se refroidir\u00a0\u00bb avait-il ainsi affirm\u00e9 mi-septembre \u00e0 propos du changement climatique, en plein pendant les incendies historiques en Californie. Joe Biden avait alors qualifi\u00e9 le pr\u00e9sident de \u00ab\u00a0pyromane du climat\u00a0\u00bb.<\/span><\/p>\n<p class=\"p1 c3\"><span class=\"c2\">L&rsquo;actuel locataire de la Maison Blanche s&rsquo;est aussi moqu\u00e9 \u00e0 plusieurs reprises de Greta Thunberg. En d\u00e9cembre dernier, lorsqu&rsquo;elle avait \u00e9t\u00e9 d\u00e9sign\u00e9e \u00ab\u00a0personne de l&rsquo;ann\u00e9e\u00a0\u00bb par le magazine am\u00e9ricain Time, il avait estim\u00e9 sur Twitter qu&rsquo;elle avait besoin de travailler pour \u00ab\u00a0g\u00e9rer ses col\u00e8res\u00a0\u00bb, l&rsquo;appelant \u00e0 \u00ab\u00a0se d\u00e9tendre\u00a0\u00bb en \u00ab\u00a0allant voir un bon vieux film\u00a0\u00bb avec un ami.<\/span><\/p>\n<p class=\"p1 c3\"><span class=\"c2\">Apr\u00e8s la venue de la jeune Su\u00e9doise aux Nations-Unies en septembre 2019 et son fameux \u00ab\u00a0How dare you?\u00a0\u00bb (\u00ab\u00a0Comment osez-vous?\u00a0\u00bb), Donald Trump avait alors ironis\u00e9 sur \u00ab\u00a0cette jeune fille tr\u00e8s joyeuse\u00a0\u00bb dont la vision d&rsquo;un avenir \u00ab\u00a0radieux et magnifique\u00a0\u00bb fait \u00ab\u00a0plaisir \u00e0 voir\u00a0\u00bb.<\/span><\/p>\n<p class=\"p1 c3\"><span class=\"c2\">Joe Biden a eu lui des mots \u00e9logieux sur \u00ab\u00a0Greta\u00a0\u00bb. En avril, il avait salu\u00e9 son action, assurant \u00e9couter les aspirations de la jeunesse en mati\u00e8re de climat.<\/span><\/p>\n<p class=\"p1 c3\"><span class=\"c2\">La publication scientifique am\u00e9ricaine Scientific American a elle aussi appel\u00e9 le mois dernier \u00e0 voter pour le candidat d\u00e9mocrate le 3 novembre prochain, une premi\u00e8re prise de position partisane en pr\u00e8s de deux si\u00e8cles d&rsquo;histoire, \u00e9reintant Donald Trump pour son rejet de la science et son \u00ab\u00a0d\u00e9ni\u00a0\u00bb du changement climatique.<\/span><\/p>\n<p class=\"p1 c3\"><span class=\"c2\">Un appel renouvel\u00e9 vendredi dans un nouvel \u00e9ditorial, relay\u00e9 par Greta Thunberg dans son tweet.<\/span><\/p>\n<p>Auteur: letemps1<br \/>\n<a href=\"http:\/\/www.letemps.com.tn\/article\/117501\/greta-thunberg-du-c%C3%B4t%C3%A9-de-joe-biden\">Cliquez ici pour lire l&rsquo;article depuis sa source.<\/a><\/p>\n","protected":false},"excerpt":{"rendered":"<p>Si elle se refuse \u00e0 prendre parti pour une formation politique ou une autre, selon ses dires, la jeune militante de 17 ans d\u00e9roge ce samedi \u00e0 cette r\u00e8gle pour contrer Donald Trump. La militante su\u00e9doise Greta Thunberg, figure du mouvement international de jeunes pour le climat \u00ab\u00a0Fridays for Future\u00a0\u00bb, a appel\u00e9 ce samedi les [&hellip;]<\/p>\n","protected":false},"author":1773,"featured_media":0,"comment_status":"closed","ping_status":"closed","sticky":false,"template":"","format":"standard","meta":{"fifu_image_url":"","fifu_image_alt":"","footnotes":""},"categories":[73,55],"tags":[],"class_list":["post-101510","post","type-post","status-publish","format-standard","hentry","category-actualite","category-tunisie"],"_links":{"self":[{"href":"https:\/\/linitiative.ca\/International\/wp-json\/wp\/v2\/posts\/101510","targetHints":{"allow":["GET"]}}],"collection":[{"href":"https:\/\/linitiative.ca\/International\/wp-json\/wp\/v2\/posts"}],"about":[{"href":"https:\/\/linitiative.ca\/International\/wp-json\/wp\/v2\/types\/post"}],"author":[{"embeddable":true,"href":"https:\/\/linitiative.ca\/International\/wp-json\/wp\/v2\/users\/1773"}],"replies":[{"embeddable":true,"href":"https:\/\/linitiative.ca\/International\/wp-json\/wp\/v2\/comments?post=101510"}],"version-history":[{"count":0,"href":"https:\/\/linitiative.ca\/International\/wp-json\/wp\/v2\/posts\/101510\/revisions"}],"wp:attachment":[{"href":"https:\/\/linitiative.ca\/International\/wp-json\/wp\/v2\/media?parent=101510"}],"wp:term":[{"taxonomy":"category","embeddable":true,"href":"https:\/\/linitiative.ca\/International\/wp-json\/wp\/v2\/categories?post=101510"},{"taxonomy":"post_tag","embeddable":true,"href":"https:\/\/linitiative.ca\/International\/wp-json\/wp\/v2\/tags?post=101510"}],"curies":[{"name":"wp","href":"https:\/\/api.w.org\/{rel}","templated":true}]}}