{"id":101511,"date":"2020-10-12T12:30:00","date_gmt":"2020-10-12T16:30:00","guid":{"rendered":"https:\/\/linitiative.ca\/International\/bakou-et-erevan-denoncent-des-violations-du-cessez-le-feu\/"},"modified":"2020-10-12T12:30:00","modified_gmt":"2020-10-12T16:30:00","slug":"bakou-et-erevan-denoncent-des-violations-du-cessez-le-feu","status":"publish","type":"post","link":"https:\/\/linitiative.ca\/International\/bakou-et-erevan-denoncent-des-violations-du-cessez-le-feu\/","title":{"rendered":"Bakou et Erevan d\u00e9noncent  des violations du cessez-le-feu"},"content":{"rendered":"<p class=\"p1 c3\"><span class=\"c2\">L&rsquo;Arm\u00e9nie et l&rsquo;Azerba\u00efdjan s&rsquo;accusaient mutuellement, hier, de violations du cessez-le-feu cens\u00e9 \u00eatre entr\u00e9 en vigueur \u00e0 midi heure locale (8h TU). Cet arr\u00eat des combats avait \u00e9t\u00e9 n\u00e9goci\u00e9 avec Moscou apr\u00e8s pr\u00e8s de deux semaines de combats intenses pour la r\u00e9gion s\u00e9paratiste du Haut-Karabakh.<\/span><\/p>\n<p class=\"p2 c4\">\u00a0<\/p>\n<p class=\"p3 c5\"><span class=\"c2\">Apr\u00e8s une matin\u00e9e de combats, le calme n&rsquo;a r\u00e9gn\u00e9 que bri\u00e8vement \u00e0 l&rsquo;entr\u00e9e en vigueur du cessez-le-feu, avant que les deux camps ne s&rsquo;accusent \u00e0 nouveau d&rsquo;attaques.<\/span><\/p>\n<p class=\"p3 c5\"><span class=\"c2\">\u00ab L&rsquo;Arm\u00e9nie viole de mani\u00e8re flagrante le cessez-le-feu, tente d&rsquo;attaquer dans les directions de Fizuli-Jebrail et Agdam-Terter \u00bb au Haut-Karabakh, a d\u00e9clar\u00e9 le minist\u00e8re de la D\u00e9fense azerba\u00efdjanais.<\/span><\/p>\n<p class=\"p3 c5\"><span class=\"c2\">\u00ab Les forces azerba\u00efdjanaises ont lanc\u00e9 une attaque \u00e0 12h05 \u00bb, soit apr\u00e8s l&rsquo;entr\u00e9e en vigueur du cessez-le-feu, a de son c\u00f4t\u00e9 d\u00e9clar\u00e9 le minist\u00e8re de la D\u00e9fense arm\u00e9nien, d\u00e9non\u00e7ant le \u00ab mensonge \u00bb de Bakou concernant les attaques arm\u00e9niennes.<\/span><\/p>\n<p class=\"p3 c5\"><span class=\"c2\">Dans Stepanakert quasi-d\u00e9serte, les sir\u00e8nes d&rsquo;alerte, qui ont r\u00e9sonn\u00e9 une grande partie de la matin\u00e9e, se sont arr\u00eat\u00e9es au moment de l&rsquo;entr\u00e9e en vigueur du cessez-le-feu, avant de reprendre. Les habitants, terr\u00e9s depuis des jours pour s&rsquo;abriter des bombardements, sont timidement sortis sur le pas de leur porte pour regarder le ciel et tendre l&rsquo;oreille.<\/span><\/p>\n<p class=\"p3 c5\"><span class=\"c2\">Les chef de la diplomatie arm\u00e9nien et azerba\u00efdjanais avaient convenu, avec la m\u00e9diation russe, d&rsquo;un cessez-le-feu apr\u00e8s des n\u00e9gociations de plus de 10 heures qui se sont termin\u00e9es tr\u00e8s tard dans la nuit de vendredi \u00e0 samedi \u00e0 Moscou.<span class=\"Apple-converted-space\">\u00a0<\/span><\/span><\/p>\n<p class=\"p3 c5\"><span class=\"c2\">\u00ab Parvenir \u00e0 un r\u00e8glement pacifique \u00bb<\/span><\/p>\n<p class=\"p3 c5\"><span class=\"c2\">Selon le chef de la diplomatie russe Sergue\u00ef Lavrov, le cessez-le-feu doit permettre \u00ab d&rsquo;\u00e9changer des prisonniers de guerre, d&rsquo;autres personnes et les corps des tu\u00e9s avec la m\u00e9diation et en accord avec les crit\u00e8res du Comit\u00e9 de la Croix Rouge \u00bb, pr\u00e9cise notre correspondant \u00e0 Moscou, Jean-Didier Revoin. L&rsquo;Azerba\u00efdjan et l&rsquo;Arm\u00e9nie se sont \u00e9galement engag\u00e9s \u00ab \u00e0 des n\u00e9gociations substantielles pour parvenir rapidement \u00e0 un r\u00e8glement pacifique \u00bb du conflit, a ajout\u00e9 Sergue\u00ef Lavrov.<\/span><\/p>\n<p class=\"p3 c5\"><span class=\"c2\">Ces n\u00e9gociations s&rsquo;engageront au sein du groupe de Minsk de l\u2019OSCE, co-pr\u00e9sid\u00e9 par la Russie, les \u00c9tats-Unis et la France qui reste donc le principal m\u00e9diateur international du conflit. Les d\u00e9tails du cessez-le-feu seront discut\u00e9s dans les jours qui viennent au sein de cette instance.<\/span><\/p>\n<p class=\"p3 c5\"><span class=\"c2\">Apr\u00e8s une dizaine de jours de combats meurtriers qui ont fait plusieurs centaines de morts de part et d\u2019autre, cette avanc\u00e9e a fait na\u00eetre un fragile espoir. L\u2019Arm\u00e9nie et l\u2019Azerba\u00efdjan se disputent l\u2019enclave du Haut-Karabakh depuis plus de 20 ans, une premi\u00e8re guerre entre 1988 et 1994 y avait fait plus de 30 000 morts et des centaines de milliers de r\u00e9fugi\u00e9s.<\/span><\/p>\n<p class=\"p2 c4\">\u00a0<\/p>\n<p class=\"p4 c6\"><span class=\"c2\">Bakou accuse la France de manquer au devoir de neutralit\u00e9<\/span><\/p>\n<p class=\"p3 c5\"><span class=\"c2\">Le ministre azerba\u00efdjanais des Affaires \u00e9trang\u00e8res a accus\u00e9 samedi la France de manquer \u00e0 son devoir de neutralit\u00e9 dans sa tentative de m\u00e9diation dans le conflit du Haut-Karabakh.<\/span><\/p>\n<p class=\"p3 c5\"><span class=\"c2\">Lors d&rsquo;une conf\u00e9rence de presse, Ceyhun Bayramov a estim\u00e9 que la France avait viol\u00e9 le principe de neutralit\u00e9, soulignant que l&rsquo;Azerba\u00efdjan n&rsquo;avait en revanche observ\u00e9 aucune violation de ce type de la part de Moscou.<\/span><\/p>\n<p class=\"p3 c5\"><span class=\"c2\">Un accord de cessez-le-feu est intervenu \u00e0 midi heure locale entre l&rsquo;Arm\u00e9nie et l&rsquo;Azerba\u00efdjan afin de proc\u00e9der \u00e0 un \u00e9change de prisonniers et des d\u00e9pouilles des victimes du conflit.<\/span><\/p>\n<p class=\"p3 c5\"><span class=\"c2\">La France a appel\u00e9 \u00e0 un strict respect de ce cessez-le-feu &#8211; &#8211; qui a subi rapidement de nombreuses violations selon les bellig\u00e9rants &#8211; afin de \u00ab\u00a0cr\u00e9er les conditions d&rsquo;une cessation permanente des hostilit\u00e9s entre les deux pays\u00a0\u00bb.<\/span><\/p>\n<p class=\"p3 c5\"><span class=\"c2\">\u00ab\u00a0Des discussions substantielles, auxquelles les parties se sont engag\u00e9es sous l&rsquo;\u00e9gide des co-pr\u00e9sidents du groupe de Minsk, doivent reprendre sans pr\u00e9conditions\u00a0\u00bb, a d\u00e9clar\u00e9 une porte-parole du Quai d&rsquo;Orsay, ajoutant que la France restait \u00ab\u00a0mobilis\u00e9e pour y contribuer dans ce cadre\u00a0\u00bb.<\/span><\/p>\n<p>Auteur: letemps1<br \/>\n<a href=\"http:\/\/www.letemps.com.tn\/article\/117502\/bakou-et-erevan-d%C3%A9noncent-des-violations-du-cessez-le-feu\">Cliquez ici pour lire l&rsquo;article depuis sa source.<\/a><\/p>\n","protected":false},"excerpt":{"rendered":"<p>L&rsquo;Arm\u00e9nie et l&rsquo;Azerba\u00efdjan s&rsquo;accusaient mutuellement, hier, de violations du cessez-le-feu cens\u00e9 \u00eatre entr\u00e9 en vigueur \u00e0 midi heure locale (8h TU). Cet arr\u00eat des combats avait \u00e9t\u00e9 n\u00e9goci\u00e9 avec Moscou apr\u00e8s pr\u00e8s de deux semaines de combats intenses pour la r\u00e9gion s\u00e9paratiste du Haut-Karabakh. \u00a0 Apr\u00e8s une matin\u00e9e de combats, le calme n&rsquo;a r\u00e9gn\u00e9 que [&hellip;]<\/p>\n","protected":false},"author":1773,"featured_media":0,"comment_status":"closed","ping_status":"closed","sticky":false,"template":"","format":"standard","meta":{"fifu_image_url":"","fifu_image_alt":"","footnotes":""},"categories":[73,55],"tags":[],"class_list":["post-101511","post","type-post","status-publish","format-standard","hentry","category-actualite","category-tunisie"],"_links":{"self":[{"href":"https:\/\/linitiative.ca\/International\/wp-json\/wp\/v2\/posts\/101511","targetHints":{"allow":["GET"]}}],"collection":[{"href":"https:\/\/linitiative.ca\/International\/wp-json\/wp\/v2\/posts"}],"about":[{"href":"https:\/\/linitiative.ca\/International\/wp-json\/wp\/v2\/types\/post"}],"author":[{"embeddable":true,"href":"https:\/\/linitiative.ca\/International\/wp-json\/wp\/v2\/users\/1773"}],"replies":[{"embeddable":true,"href":"https:\/\/linitiative.ca\/International\/wp-json\/wp\/v2\/comments?post=101511"}],"version-history":[{"count":0,"href":"https:\/\/linitiative.ca\/International\/wp-json\/wp\/v2\/posts\/101511\/revisions"}],"wp:attachment":[{"href":"https:\/\/linitiative.ca\/International\/wp-json\/wp\/v2\/media?parent=101511"}],"wp:term":[{"taxonomy":"category","embeddable":true,"href":"https:\/\/linitiative.ca\/International\/wp-json\/wp\/v2\/categories?post=101511"},{"taxonomy":"post_tag","embeddable":true,"href":"https:\/\/linitiative.ca\/International\/wp-json\/wp\/v2\/tags?post=101511"}],"curies":[{"name":"wp","href":"https:\/\/api.w.org\/{rel}","templated":true}]}}