{"id":101514,"date":"2020-10-12T12:30:00","date_gmt":"2020-10-12T16:30:00","guid":{"rendered":"https:\/\/linitiative.ca\/International\/on-a-joue-contre-la-meilleure-equipe-dafrique\/"},"modified":"2020-10-12T12:30:00","modified_gmt":"2020-10-12T16:30:00","slug":"on-a-joue-contre-la-meilleure-equipe-dafrique","status":"publish","type":"post","link":"https:\/\/linitiative.ca\/International\/on-a-joue-contre-la-meilleure-equipe-dafrique\/","title":{"rendered":"\u00abOn a jou\u00e9 contre la meilleure \u00e9quipe d\u2019Afrique !\u00bb"},"content":{"rendered":"<p class=\"p1 c3\"><span class=\"c2\">Vahid Halilhodzic fa\u00e7onne d\u00e9j\u00e0 le Maroc, une \u00e9quipe en perdition apr\u00e8s la CAN 2019. Les Lions de l\u2019Atlas ont inflig\u00e9 une d\u00e9faite au S\u00e9n\u00e9gal en amical vendredi. De quoi satisfaire leur entraineur. Maroc \u2013 S\u00e9n\u00e9gal, une affiche aux allures d\u2019une demi-finale ou finale de CAN.<span class=\"Apple-converted-space\">\u00a0<\/span><\/span><\/p>\n<p class=\"p1 c3\"><span class=\"c2\">Mais, c\u2019est un simple match amical qui a oppos\u00e9 les deux s\u00e9lections phares du continent. A l\u2019arriv\u00e9e, une victoire des co\u00e9quipiers d\u2019Hakim Ziyech sur le score de trois buts \u00e0 un. Au terme de cette rencontre, Halilhodzic a fait son analyse.<\/span><\/p>\n<p class=\"p1 c3\"><span class=\"c2\">\u00ab C\u2019\u00e9tait un tr\u00e8s bon match. Je l\u2019ai trouv\u00e9 tr\u00e8s agr\u00e9able.<span class=\"Apple-converted-space\">\u00a0<\/span><\/span><\/p>\n<p class=\"p1 c3\"><span class=\"c2\">C\u2019est dommage qu\u2019il n\u2019y avait pas de monde pour assister au match.<span class=\"Apple-converted-space\">\u00a0<\/span><\/span><\/p>\n<p class=\"p1 c3\"><span class=\"c2\">Il y avait aussi une petite agressivit\u00e9 inutile mais les deux \u00e9quipes se respectent.<span class=\"Apple-converted-space\">\u00a0<\/span><\/span><\/p>\n<p class=\"p1 c3\"><span class=\"c2\">J\u2019ai vu mon \u00e9quipe pal mal malgr\u00e9 les d\u00e9chets techniques, mais on a jou\u00e9 contre la meilleure \u00e9quipe d\u2019Afrique. On doit \u00eatre content de la victoire \u00bb, a-t-il d\u00e9clar\u00e9.<\/span><\/p>\n<p class=\"p1 c3\"><span class=\"c2\">Vahid Halilhodzic et les Lions de l\u2019Atlas joueront face \u00e0 la RDC le mardi prochain au Complexe Sportif Prince Moulay Abdellah \u00e0 Rabat.<\/span><\/p>\n<p class=\"p1 c3\"><span class=\"c2\">NDLR : La meilleure \u00e9quipe d\u2019Afrique,est l\u2019Alg\u00e9rie qui a remport\u00e9 la derni\u00e8re CAN !<\/span><\/p>\n<p>Auteur: letemps1<br \/>\n<a href=\"http:\/\/www.letemps.com.tn\/article\/117505\/%C2%AB-jou%C3%A9-contre-la-meilleure-%C3%A9quipe-d%E2%80%99afrique-%C2%BB\">Cliquez ici pour lire l&rsquo;article depuis sa source.<\/a><\/p>\n","protected":false},"excerpt":{"rendered":"<p>Vahid Halilhodzic fa\u00e7onne d\u00e9j\u00e0 le Maroc, une \u00e9quipe en perdition apr\u00e8s la CAN 2019. Les Lions de l\u2019Atlas ont inflig\u00e9 une d\u00e9faite au S\u00e9n\u00e9gal en amical vendredi. De quoi satisfaire leur entraineur. Maroc \u2013 S\u00e9n\u00e9gal, une affiche aux allures d\u2019une demi-finale ou finale de CAN.\u00a0 Mais, c\u2019est un simple match amical qui a oppos\u00e9 les [&hellip;]<\/p>\n","protected":false},"author":1773,"featured_media":0,"comment_status":"closed","ping_status":"closed","sticky":false,"template":"","format":"standard","meta":{"fifu_image_url":"","fifu_image_alt":"","footnotes":""},"categories":[73,55],"tags":[],"class_list":["post-101514","post","type-post","status-publish","format-standard","hentry","category-actualite","category-tunisie"],"_links":{"self":[{"href":"https:\/\/linitiative.ca\/International\/wp-json\/wp\/v2\/posts\/101514","targetHints":{"allow":["GET"]}}],"collection":[{"href":"https:\/\/linitiative.ca\/International\/wp-json\/wp\/v2\/posts"}],"about":[{"href":"https:\/\/linitiative.ca\/International\/wp-json\/wp\/v2\/types\/post"}],"author":[{"embeddable":true,"href":"https:\/\/linitiative.ca\/International\/wp-json\/wp\/v2\/users\/1773"}],"replies":[{"embeddable":true,"href":"https:\/\/linitiative.ca\/International\/wp-json\/wp\/v2\/comments?post=101514"}],"version-history":[{"count":0,"href":"https:\/\/linitiative.ca\/International\/wp-json\/wp\/v2\/posts\/101514\/revisions"}],"wp:attachment":[{"href":"https:\/\/linitiative.ca\/International\/wp-json\/wp\/v2\/media?parent=101514"}],"wp:term":[{"taxonomy":"category","embeddable":true,"href":"https:\/\/linitiative.ca\/International\/wp-json\/wp\/v2\/categories?post=101514"},{"taxonomy":"post_tag","embeddable":true,"href":"https:\/\/linitiative.ca\/International\/wp-json\/wp\/v2\/tags?post=101514"}],"curies":[{"name":"wp","href":"https:\/\/api.w.org\/{rel}","templated":true}]}}