{"id":101517,"date":"2020-10-12T15:13:12","date_gmt":"2020-10-12T19:13:12","guid":{"rendered":"https:\/\/linitiative.ca\/International\/international-chelsea-kante-determine-a-rejoindre-le-real-madrid\/"},"modified":"2020-10-12T15:13:12","modified_gmt":"2020-10-12T19:13:12","slug":"international-chelsea-kante-determine-a-rejoindre-le-real-madrid","status":"publish","type":"post","link":"https:\/\/linitiative.ca\/International\/international-chelsea-kante-determine-a-rejoindre-le-real-madrid\/","title":{"rendered":"International : Chelsea : kant\u00e9 d\u00e9termin\u00e9 \u00e0 rejoindre le Real Madrid ?"},"content":{"rendered":"<div readability=\"32\">\n<p>Auteur : <span class=\"time\">lundi 12 octobre 2020 13:56<\/span><\/p>\n<\/div>\n<div id=\"post_core\" readability=\"54\">\n<p>Pas de quoi remettre en cause son avenir \u00e0 court terme, mais il y a de grandes chances pour que l\u2019ancien Caennais quitte Londres l\u2019\u00e9t\u00e9 prochain comme l&rsquo;indique Maxifoot.<\/p>\n<p>D\u2019apr\u00e8s nos confr\u00e8res, Kant\u00e9 \u00e9tait d\u2019ailleurs pr\u00eat \u00e0 quitter le navire, qu\u2019il a rejoint en 2016, lors du dernier mercato estival. Il y a quelques semaines, Antonio Conte faisait le forcing aupr\u00e8s de ses dirigeants pour l\u2019attirer \u00e0 l\u2019Inter Milan, mais le champion du monde s\u2019est rendu compte trop tard qu\u2019un transfert comme le sien ne se r\u00e9alisait pas du jour au lendemain. Son objectif serait donc de r\u00e9aliser une grosse saison, et de faire le point au terme de celle-ci.<\/p>\n<p>L\u2019Inter sera toujours \u00e0 l\u2019aff\u00fbt, mais Kant\u00e9 r\u00eave d\u2019autres clubs. Et surtout d\u2019un, le Real Madrid, qu\u2019il supporte depuis sa plus tendre enfance. Le moment id\u00e9al pour rejoindre Zin\u00e9dine Zidane ?<\/p>\n<p><strong>Publi\u00e9 dans :<\/strong> <span>real madrid<\/span><\/p>\n<\/div>\n<p>Auteur:<br \/>\n<a href=\"http:\/\/www.lebuteur.com\/article\/detail?titre=chelsea-kante-determine-a-rejoindre-le-real-madrid&#038;id=97588&#038;utm_source=feedburner&#038;utm_medium=feed&#038;utm_campaign=Feed%3A+GalerieFArtciles+%28Les+derniers+articles++-+lebuteur.com%29\">Cliquez ici pour lire l&rsquo;article depuis sa source.<\/a><\/p>\n","protected":false},"excerpt":{"rendered":"<p>Auteur : lundi 12 octobre 2020 13:56 Pas de quoi remettre en cause son avenir \u00e0 court terme, mais il y a de grandes chances pour que l\u2019ancien Caennais quitte Londres l\u2019\u00e9t\u00e9 prochain comme l&rsquo;indique Maxifoot. D\u2019apr\u00e8s nos confr\u00e8res, Kant\u00e9 \u00e9tait d\u2019ailleurs pr\u00eat \u00e0 quitter le navire, qu\u2019il a rejoint en 2016, lors du dernier [&hellip;]<\/p>\n","protected":false},"author":1738,"featured_media":101518,"comment_status":"closed","ping_status":"closed","sticky":false,"template":"","format":"standard","meta":{"fifu_image_url":"","fifu_image_alt":"","footnotes":""},"categories":[53,75],"tags":[],"class_list":["post-101517","post","type-post","status-publish","format-standard","has-post-thumbnail","hentry","category-algerie","category-sport"],"_links":{"self":[{"href":"https:\/\/linitiative.ca\/International\/wp-json\/wp\/v2\/posts\/101517","targetHints":{"allow":["GET"]}}],"collection":[{"href":"https:\/\/linitiative.ca\/International\/wp-json\/wp\/v2\/posts"}],"about":[{"href":"https:\/\/linitiative.ca\/International\/wp-json\/wp\/v2\/types\/post"}],"author":[{"embeddable":true,"href":"https:\/\/linitiative.ca\/International\/wp-json\/wp\/v2\/users\/1738"}],"replies":[{"embeddable":true,"href":"https:\/\/linitiative.ca\/International\/wp-json\/wp\/v2\/comments?post=101517"}],"version-history":[{"count":0,"href":"https:\/\/linitiative.ca\/International\/wp-json\/wp\/v2\/posts\/101517\/revisions"}],"wp:featuredmedia":[{"embeddable":true,"href":"https:\/\/linitiative.ca\/International\/wp-json\/"}],"wp:attachment":[{"href":"https:\/\/linitiative.ca\/International\/wp-json\/wp\/v2\/media?parent=101517"}],"wp:term":[{"taxonomy":"category","embeddable":true,"href":"https:\/\/linitiative.ca\/International\/wp-json\/wp\/v2\/categories?post=101517"},{"taxonomy":"post_tag","embeddable":true,"href":"https:\/\/linitiative.ca\/International\/wp-json\/wp\/v2\/tags?post=101517"}],"curies":[{"name":"wp","href":"https:\/\/api.w.org\/{rel}","templated":true}]}}