{"id":101525,"date":"2020-10-11T20:00:00","date_gmt":"2020-10-12T00:00:00","guid":{"rendered":"https:\/\/linitiative.ca\/International\/ammar-belhimer-ministre-de-la-communication-porte-parole-du-gouvernement-la-presse-doit-relever-des-defis-importants\/"},"modified":"2020-10-11T20:00:00","modified_gmt":"2020-10-12T00:00:00","slug":"ammar-belhimer-ministre-de-la-communication-porte-parole-du-gouvernement-la-presse-doit-relever-des-defis-importants","status":"publish","type":"post","link":"https:\/\/linitiative.ca\/International\/ammar-belhimer-ministre-de-la-communication-porte-parole-du-gouvernement-la-presse-doit-relever-des-defis-importants\/","title":{"rendered":"Ammar Belhimer, ministre  de la Communication,  porte-parole du gouvernement  : \u00abLa presse  doit relever  des d\u00e9fis importants\u00bb"},"content":{"rendered":"<p><strong>Le ministre de la Communication, porte-parole du gouvernement, Ammar Belhimer,\u00a0 et le ministre de la Poste et des T\u00e9l\u00e9communications, Brahim Boumzar, ont proc\u00e9d\u00e9, hier au si\u00e8ge d\u2019Alg\u00e9rie T\u00e9l\u00e9com, \u00e0 l\u2019ouverture officielle d\u2019une cession de formation organis\u00e9e par Alg\u00e9rie T\u00e9l\u00e9com au profit des journalistes.<\/strong><\/p>\n<div readability=\"54\">\n<p>D\u2019une dur\u00e9e de cinq jours, cette formation porte sur le traitement de l\u2019information et des fake-news et elle est assur\u00e9e par Alphabet Inc, une filiale de Google.\u00a0<\/p>\n<p>Lors de son intervention, Belhimer a indiqu\u00e9 : \u00abNous devons relever trois d\u00e9fis qui sont tr\u00e8s importants dans l\u2019histoire de l\u2019Alg\u00e9rie ind\u00e9pendante\u00bb. Il y a d\u2019abord la transition de la presse papier vers la presse \u00e9lectronique qui demeure, selon lui, une \u00e9vidence impos\u00e9e par le d\u00e9veloppement technologique. \u00abNous devons r\u00e9ussir cette transition\u00bb, a-t-il insist\u00e9. Il faut ensuite parvenir \u00e0 produire un \u00abcontenu national fort sur la toile\u00bb, une n\u00e9cessit\u00e9 consid\u00e9r\u00e9e aujourd\u2019hui comme \u00e9tant une question de \u00absouverainet\u00e9 nationale, importante et sensible\u00bb. Quant au dernier d\u00e9fi, il porte sur l\u2019\u00e9radication des fake-news et des deepfakes qui demeure primordiale pour lutter contre la fausse information, qui porte atteinte aux personnes notamment les hommes politiques, les artistes et le citoyen. \u00abIl faut rappeler dans ce sens l\u2019adoption par le gouvernement d&rsquo;un projet de d\u00e9cret ex\u00e9cutif relatif aux modalit\u00e9s d&rsquo;exercice de l&rsquo;activit\u00e9 de l&rsquo;information en ligne et de diffusion de la mise au point ou rectification sur le site \u00e9lectronique\u00bb, a not\u00e9 le ministre de la Communication, affirmant que cette action exprime une volont\u00e9 de poser une \u00abbase r\u00e9f\u00e9rentielle de clarification\u00bb par rapport aux fonctionnement des sites \u00e9lectroniques, compte tenu du mode d\u2019expression et du support de diffusion.\u00a0<\/p>\n<p>Belhimer a assur\u00e9 que ce d\u00e9cret ex\u00e9cutif pr\u00e9cise les modalit\u00e9s d\u2019exercice des droits de rectification et de r\u00e9ponse tels que consacr\u00e9s par les articles 100 et 101 de la loi relative \u00e0 l\u2019information.<\/p>\n<p>Il y a chaque jour 18 millions de t\u00e9l\u00e9spectateurs et 17 millions d\u2019internautes \u00e0 la recherche de l\u2019information alors que 15,5 millions sont abonn\u00e9s aux r\u00e9seaux sociaux. Pour sa part, le ministre de la Poste et des T\u00e9l\u00e9communications a d\u00e9clar\u00e9 que son d\u00e9partement s\u2019est engag\u00e9 \u00e0 accompagner les journalistes en leur assurant des formations sp\u00e9cialis\u00e9es \u00e0 propos de la pratique des fake-news et pr\u00e9cis\u00e9 que cette nouvelle session de formation ne concernera pas uniquement les journalistes de la wilaya d\u2019Alger mais aussi les correspondants des m\u00e9dias des autres willayas qui peuvent assister par visioconf\u00e9rence \u00e0 la formation au niveau des directions r\u00e9gionales d\u2019Alg\u00e9rie T\u00e9l\u00e9com. \u00abAvec la filiale de Google qui dispense les cours de formation, nous voulons assurer une formation de qualit\u00e9 pour les journalistes afin de proposer des contenus valables\u00bb, a r\u00e9v\u00e9l\u00e9 Brahim Boumzar, estimant qu\u2019il \u00e9tait du devoir de son d\u00e9partement \u00abd\u2019accompagner et de former les journalistes pour\u00a0 \u00e9viter de tomber dans le pi\u00e8ge des fake news et induire les citoyens en erreur\u00bb.\u00a0<\/p>\n<p>De son c\u00f4t\u00e9, le P-dg d\u2019Alg\u00e9rie T\u00e9l\u00e9com, Hocine Halouane, a soulign\u00e9 que cette initiative sera suivie de plusieurs autres pour \u00abapporter de l\u2019aide\u00bb aux journalistes pour \u00abmieux traiter\u00bb les th\u00e8mes de tous les jours, notamment ceux relatifs aux technologies de l\u2019information et de la communication.\u00a0\u00a0<\/p>\n<p>\u00abNous esp\u00e9rons que cette formation sera fructueuse et apportera un plus au m\u00e9tier du journaliste\u00bb, a-t-il conclu.\u00a0<\/p>\n<p>Mohamed Mendaci\u00a0<\/p>\n<\/div>\n<p>Auteur: elmoudjahid<br \/>\n<a href=\"http:\/\/www.elmoudjahid.com\/fr\/actualites\/160599\">Cliquez ici pour lire l&rsquo;article depuis sa source.<\/a><\/p>\n","protected":false},"excerpt":{"rendered":"<p>Le ministre de la Communication, porte-parole du gouvernement, Ammar Belhimer,\u00a0 et le ministre de la Poste et des T\u00e9l\u00e9communications, Brahim Boumzar, ont proc\u00e9d\u00e9, hier au si\u00e8ge d\u2019Alg\u00e9rie T\u00e9l\u00e9com, \u00e0 l\u2019ouverture officielle d\u2019une cession de formation organis\u00e9e par Alg\u00e9rie T\u00e9l\u00e9com au profit des journalistes. D\u2019une dur\u00e9e de cinq jours, cette formation porte sur le traitement de [&hellip;]<\/p>\n","protected":false},"author":1744,"featured_media":0,"comment_status":"closed","ping_status":"closed","sticky":false,"template":"","format":"standard","meta":{"fifu_image_url":"","fifu_image_alt":"","footnotes":""},"categories":[73,53],"tags":[],"class_list":["post-101525","post","type-post","status-publish","format-standard","hentry","category-actualite","category-algerie"],"_links":{"self":[{"href":"https:\/\/linitiative.ca\/International\/wp-json\/wp\/v2\/posts\/101525","targetHints":{"allow":["GET"]}}],"collection":[{"href":"https:\/\/linitiative.ca\/International\/wp-json\/wp\/v2\/posts"}],"about":[{"href":"https:\/\/linitiative.ca\/International\/wp-json\/wp\/v2\/types\/post"}],"author":[{"embeddable":true,"href":"https:\/\/linitiative.ca\/International\/wp-json\/wp\/v2\/users\/1744"}],"replies":[{"embeddable":true,"href":"https:\/\/linitiative.ca\/International\/wp-json\/wp\/v2\/comments?post=101525"}],"version-history":[{"count":0,"href":"https:\/\/linitiative.ca\/International\/wp-json\/wp\/v2\/posts\/101525\/revisions"}],"wp:attachment":[{"href":"https:\/\/linitiative.ca\/International\/wp-json\/wp\/v2\/media?parent=101525"}],"wp:term":[{"taxonomy":"category","embeddable":true,"href":"https:\/\/linitiative.ca\/International\/wp-json\/wp\/v2\/categories?post=101525"},{"taxonomy":"post_tag","embeddable":true,"href":"https:\/\/linitiative.ca\/International\/wp-json\/wp\/v2\/tags?post=101525"}],"curies":[{"name":"wp","href":"https:\/\/api.w.org\/{rel}","templated":true}]}}