{"id":101527,"date":"2020-10-11T20:00:00","date_gmt":"2020-10-12T00:00:00","guid":{"rendered":"https:\/\/linitiative.ca\/International\/el-bayadh-obseques-des-victimes-de-lexplosion-de-gaz\/"},"modified":"2020-10-11T20:00:00","modified_gmt":"2020-10-12T00:00:00","slug":"el-bayadh-obseques-des-victimes-de-lexplosion-de-gaz","status":"publish","type":"post","link":"https:\/\/linitiative.ca\/International\/el-bayadh-obseques-des-victimes-de-lexplosion-de-gaz\/","title":{"rendered":"EL-BAYADH : Obs\u00e8ques des victimes de l\u2019explosion de gaz"},"content":{"rendered":"<p>Prise en charge des victimes et ouverture imm\u00e9diate d\u2019une enqu\u00eate.<\/p>\n<p><strong>Le ministre de l&rsquo;Int\u00e9rieur, des Collectivit\u00e9s locales et de l&rsquo;Am\u00e9nagement du territoire, Kamel Beldjoud, a transmis, samedi dernier, aux familles des victimes de l&rsquo;explosion de gaz survenue samedi apr\u00e8s-midi \u00e0 El-Bayadh, les sinc\u00e8res condol\u00e9ances du pr\u00e9sident de la R\u00e9publique M. Abdelmadjid Tebboune, et celles du Premier ministre\u00a0 Abdelaziz Djerad, et ordonn\u00e9 la prise en charge totale des victimes et l&rsquo;ouverture imm\u00e9diate d&rsquo;une enqu\u00eate de ce douloureux accident qui a fait six morts et 16 bless\u00e9s.<\/strong><\/p>\n<div readability=\"61\">\n<p>M. Beldjoud, arriv\u00e9 peu auparavant au lieu de l&rsquo;accident en compagnie du ministre de la Sant\u00e9, de la Population et de la R\u00e9forme hospitali\u00e8re, Abderrahmane Benbouzid, du directeur g\u00e9n\u00e9ral de la Protection civile, le colonel Boualem Boughlaf, et le pr\u00e9sident-directeur g\u00e9n\u00e9ral de la Sonelgaz, Chaher Boulakhras, a soulign\u00e9 que deux h\u00e9licopt\u00e8res de la protection civile proc\u00e9deront \u00abimm\u00e9diatement\u00bb au transfert des bless\u00e9s dont l&rsquo;\u00e9tat est inqui\u00e9tant vers Alger ou Oran pour leur prise en charge.<\/p>\n<p>Le ministre de l&rsquo;Int\u00e9rieur a \u00e9galement indiqu\u00e9 qu&rsquo;il avait donn\u00e9 des instructions aux services de s\u00e9curit\u00e9 pour l&rsquo;ouverture \u00abimm\u00e9diate d&rsquo;une enqu\u00eate approfondie pour situer les causes et les responsabilit\u00e9s\u00bb, soulignant que la justice \u00absuivra son cours\u00bb.<\/p>\n<p>M. Beldjoud a ajout\u00e9 que les familles sinistr\u00e9es, suite \u00e0 cet accident, \u00abseront prises en charge \u00e0 partir de cette nuit\u00bb.<\/p>\n<p>En outre, le ministre qui s&rsquo;est rendu avec les autres membres de la d\u00e9l\u00e9gation au lieu de l&rsquo;accident et \u00e0 l&rsquo;\u00e9tablissement hospitalier Mohamed-Boudiaf, a d\u00e9clar\u00e9 que la cellule de wilaya mise en place d\u00e8s la survenue de l&rsquo;accident et qui comprend un certain nombre de secteurs dont les services techniques et ceux charg\u00e9s de d\u00e9terminer les d\u00e9g\u00e2ts, doit aboutir \u00ab\u00e0 des r\u00e9sultats pr\u00e9cis\u00bb et \u00abassocier les comit\u00e9s de quartier\u00bb.<\/p>\n<p>M. Beldjoud, qui a rencontr\u00e9 les familles des victimes et les repr\u00e9sentants de la soci\u00e9t\u00e9 civile au si\u00e8ge de la wilaya, a annonc\u00e9 qu&rsquo;une visite \u00absera programm\u00e9e tr\u00e8s prochainement \u00e0 la wilaya d&rsquo;Al Bayadh afin de s&rsquo;enqu\u00e9rir des pr\u00e9occupations des citoyens et \u0153uvrer \u00e0 leur trouver des solutions\u00bb.<\/p>\n<p>Le ministre a en outre ordonn\u00e9 au wali d&rsquo;\u00ab\u00e9tablir des rapports sur les responsables qui ne sont pas \u00e0 la hauteur afin que des mesures soient prises dans ce sens, conform\u00e9ment aux directives du Pr\u00e9sident de la R\u00e9publique\u00bb.\u00a0<\/p>\n<p>De son c\u00f4t\u00e9, le ministre de la Sant\u00e9, de la Population et de la R\u00e9forme hospitali\u00e8re, Abderrahmane Benbouzid, s&rsquo;est engag\u00e9 \u00e0 examiner les revendications des habitants relatives au secteur de la sant\u00e9, particuli\u00e8rement la r\u00e9alisation d&rsquo;un complexe m\u00e8re-enfant et un service des urgences m\u00e9dico-chirurgicales.<\/p>\n<p>\/\/\/\/\/\/\/\/\/\/\/\/\/\/\/\/\/\/\/\/\/\/\/\/\/\/\/\/\/\/\/\/\/\/\/\/\/\/\/\/\/\/\/\/\/<\/p>\n<div readability=\"15\">\n<p><strong>\u00c9vacuation de quatre bless\u00e9s vers Alger\u00a0 \u00e0 bord de deux h\u00e9licopt\u00e8res<\/strong><\/p>\n<div readability=\"23\">\n<p>Quatre des bless\u00e9s lors de l&rsquo;explosion de gaz survenue samedi dernier \u00e0 El Bayadh, qui a fait six morts et 16 bless\u00e9s, ont \u00e9t\u00e9 \u00e9vacu\u00e9s dans la nuit de samedi \u00e0 dimanche vers Alger \u00e0 bord de deux h\u00e9licopt\u00e8res, a-t-on appris aupr\u00e8s de la direction de la protection civile de la wilaya. L&rsquo;\u00e9vacuation de ces bless\u00e9s, dont l&rsquo;\u00e9tat a \u00e9t\u00e9 jug\u00e9 grave, a \u00e9t\u00e9 men\u00e9e par le groupement a\u00e9rien de la protection civile pour une prise en charge au niveau de l&rsquo;h\u00f4pital de Dou\u00e9ra.\u00a0 Suite \u00e0 cet accident tragique, le pr\u00e9sident de la R\u00e9publique, M. Abdelmadjid Tebboune, a pr\u00e9sent\u00e9 ses condol\u00e9ances les plus sinc\u00e8res et les plus attrist\u00e9es aux familles des victimes et a d\u00e9p\u00each\u00e9 \u00aben toute urgence\u00bb, les ministres de l\u2019Int\u00e9rieur, des Collectivit\u00e9s locales et de l\u2019Am\u00e9nagement du territoire et de la Sant\u00e9, de la Population et de la R\u00e9forme hospitali\u00e8re \u00e0 l\u2019effet de s&rsquo;enqu\u00e9rir des incidences de cet accident et de prendre toutes les mesures indispensables \u00e0 la prise en charge des sinistr\u00e9s.\u00a0<\/p>\n<p><strong>Obs\u00e8ques des victimes\u00a0<\/strong><\/p>\n<div readability=\"16.5\">\n<p>Les fun\u00e9railles des cinq personnes victimes de l&rsquo;explosion de gaz samedi dernier \u00e0 El Bayadh se sont d\u00e9roul\u00e9es hier dans le recueillement au cimeti\u00e8re de Sidi Ahmed de la ville du chef-lieu de wilaya.<\/p>\n<div readability=\"20\">\n<p>Les obs\u00e8ques ont eu lieu en pr\u00e9sence du ministre de l\u2019Int\u00e9rieur, des Collectivit\u00e9s locales et de l\u2019Am\u00e9nagement du territoire, Kamel Beldjoud, du ministre de la Sant\u00e9, de la Population et de la R\u00e9forme hospitali\u00e8re, Abderrahmane Benbouzid, ainsi que du directeur g\u00e9n\u00e9ral de la Protection civile, le colonel Boualem Boughelaf et le PDG du groupe Sonelgaz, Boulakhras Chaher, en plus des autorit\u00e9s locales, civiles et militaires de la wilaya d\u2019El-Bayadh et un grand nombre de citoyens.<\/p>\n<\/div>\n<\/div>\n<\/div>\n<\/div>\n<\/div>\n<p>Auteur: elmoudjahid<br \/>\n<a href=\"http:\/\/www.elmoudjahid.com\/fr\/actualites\/160601\">Cliquez ici pour lire l&rsquo;article depuis sa source.<\/a><\/p>\n","protected":false},"excerpt":{"rendered":"<p>Prise en charge des victimes et ouverture imm\u00e9diate d\u2019une enqu\u00eate. Le ministre de l&rsquo;Int\u00e9rieur, des Collectivit\u00e9s locales et de l&rsquo;Am\u00e9nagement du territoire, Kamel Beldjoud, a transmis, samedi dernier, aux familles des victimes de l&rsquo;explosion de gaz survenue samedi apr\u00e8s-midi \u00e0 El-Bayadh, les sinc\u00e8res condol\u00e9ances du pr\u00e9sident de la R\u00e9publique M. Abdelmadjid Tebboune, et celles du [&hellip;]<\/p>\n","protected":false},"author":1744,"featured_media":0,"comment_status":"closed","ping_status":"closed","sticky":false,"template":"","format":"standard","meta":{"fifu_image_url":"","fifu_image_alt":"","footnotes":""},"categories":[73,53],"tags":[],"class_list":["post-101527","post","type-post","status-publish","format-standard","hentry","category-actualite","category-algerie"],"_links":{"self":[{"href":"https:\/\/linitiative.ca\/International\/wp-json\/wp\/v2\/posts\/101527","targetHints":{"allow":["GET"]}}],"collection":[{"href":"https:\/\/linitiative.ca\/International\/wp-json\/wp\/v2\/posts"}],"about":[{"href":"https:\/\/linitiative.ca\/International\/wp-json\/wp\/v2\/types\/post"}],"author":[{"embeddable":true,"href":"https:\/\/linitiative.ca\/International\/wp-json\/wp\/v2\/users\/1744"}],"replies":[{"embeddable":true,"href":"https:\/\/linitiative.ca\/International\/wp-json\/wp\/v2\/comments?post=101527"}],"version-history":[{"count":0,"href":"https:\/\/linitiative.ca\/International\/wp-json\/wp\/v2\/posts\/101527\/revisions"}],"wp:attachment":[{"href":"https:\/\/linitiative.ca\/International\/wp-json\/wp\/v2\/media?parent=101527"}],"wp:term":[{"taxonomy":"category","embeddable":true,"href":"https:\/\/linitiative.ca\/International\/wp-json\/wp\/v2\/categories?post=101527"},{"taxonomy":"post_tag","embeddable":true,"href":"https:\/\/linitiative.ca\/International\/wp-json\/wp\/v2\/tags?post=101527"}],"curies":[{"name":"wp","href":"https:\/\/api.w.org\/{rel}","templated":true}]}}