{"id":101528,"date":"2020-10-11T20:00:00","date_gmt":"2020-10-12T00:00:00","guid":{"rendered":"https:\/\/linitiative.ca\/International\/baccalaureat-2020-les-candidats-admis-avec-une-moyenne-de-9-20\/"},"modified":"2020-10-11T20:00:00","modified_gmt":"2020-10-12T00:00:00","slug":"baccalaureat-2020-les-candidats-admis-avec-une-moyenne-de-9-20","status":"publish","type":"post","link":"https:\/\/linitiative.ca\/International\/baccalaureat-2020-les-candidats-admis-avec-une-moyenne-de-9-20\/","title":{"rendered":"Baccalaur\u00e9at 2020  :  Les candidats admis  avec une moyenne de 9\/20"},"content":{"rendered":"<p><strong>Dans une d\u00e9claration \u00e0 la presse, au si\u00e8ge de son d\u00e9partement minist\u00e9riel, M. Ouadjaout a pr\u00e9cis\u00e9 qu&rsquo;il a \u00e9t\u00e9 \u00abd\u00e9cid\u00e9, en compl\u00e9ment des dispositions de l&rsquo;arr\u00eat\u00e9 num\u00e9ro 25 du 2 octobre 2007 fixant les modalit\u00e9s d\u2019organisation de l\u2019examen du baccalaur\u00e9at, modifi\u00e9 par l\u2019article 23 bis, que tout candidat ayant obtenu une moyenne \u00e9gale ou sup\u00e9rieure \u00e0 9\/20 est consid\u00e9r\u00e9 admis, \u00e0 titre exceptionnel, \u00e0 l&rsquo;examen\u00a0 du baccalaur\u00e9at session 2020\u00bb.\u00a0<\/strong><\/p>\n<div readability=\"62\">\n<p>Dans une d\u00e9claration \u00e0 la presse au si\u00e8ge de son d\u00e9partement minist\u00e9riel, M. Ouadjaout a pr\u00e9cis\u00e9 qu&rsquo;il a \u00e9t\u00e9 \u00abd\u00e9cid\u00e9, en compl\u00e9ment des dispositions de l&rsquo;arr\u00eat\u00e9 num\u00e9ro 25 du 2 octobre 2007 fixant les modalit\u00e9s d\u2019organisation de l\u2019examen du Baccalaur\u00e9at, modifi\u00e9 par l\u2019article 23 bis, que tout candidat ayant obtenu une moyenne \u00e9gale ou sup\u00e9rieure \u00e0 9\/20 est consid\u00e9r\u00e9 admis, \u00e0 titre exceptionnel, \u00e0 l&rsquo;examen du Baccalaur\u00e9at session 2020\u00bb.\u00a0<\/p>\n<p>Cette d\u00e9cision intervient, selon le ministre, \u00aben application des dispositifs et mesures exceptionnels relatives \u00e0 l\u2019organisation des examens scolaires session 2020, dans le contexte de la propagation de la pand\u00e9mie de la Covid-19\u00bb. Les dispositifs consistaient, poursuit le ministre, en la suppression de l\u2019examen de fin de cycle de l\u2019enseignement primaire, le report des examens du brevet de l\u2019enseignement moyen (BEM) et du baccalaur\u00e9at, respectivement \u00e0 la 2e semaine et \u00e0 la 3e semaine du mois de septembre 2020, tout en limitant les sujets des \u00e9preuves aux cours pr\u00e9sent\u00e9s en pr\u00e9sentiel lors du 1er et 2e trimestre.\u00a0 Les mesures exceptionnelles portaient \u00e9galement, rappelle le ministre, sur le passage des \u00e9l\u00e8ves de la 4e ann\u00e9e moyenne \u00e0 la 1re ann\u00e9e secondaire, tel que le stipule la circulaire minist\u00e9rielle num\u00e9ro 619 du 27 juin 2020 ainsi que les autres circulaires y aff\u00e9rentes, et ce, a-t-ajout\u00e9, afin d\u2019accorder \u00e0 nos enfants une chance de r\u00e9ussir dans leur parcours scolaire au vu de ce qu&rsquo;ils ont endur\u00e9, plus de 8 mois durant, de pression psychologique sans pr\u00e9c\u00e9dent induite par le confinement \u00e0 domicile, la rupture de la scolarit\u00e9 et par les conditions sanitaires difficiles que nous avons tous v\u00e9cues, suite \u00e0 la propagation du Coronavirus, a indiqu\u00e9 M. Ouadjaout. Le ministre a fait savoir que \u00ables r\u00e9sultats de l&rsquo;examen du Bac session 2020 seront proclam\u00e9s incessamment juste apr\u00e8s les d\u00e9lib\u00e9rations\u00bb, souhaitant succ\u00e8s et \u00e9panouissement aux candidats de notre cher pays\u00bb.<\/p>\n<p>A cette occasion, le ministre a exprim\u00e9 ses vifs remerciements \u00e0 ceux qui ont contribu\u00e9 \u00e0 la r\u00e9ussite des examens scolaires en cette conjoncture exceptionnelle, tous secteurs et institutions de l&rsquo;Etat confondus, citant notamment les membres de la famille \u00e9ducative et les partenaires sociaux, en l&rsquo;occurrence les parents d&rsquo;\u00e9l\u00e8ves, les associations et les syndicats, pour le r\u00f4le efficace, la performance singuli\u00e8re et les efforts d\u00e9ploy\u00e9s en ce sens.<\/p>\n<p>Le nombre de candidats inscrits \u00e0 l&rsquo;examen du Bac, session 2020, s&rsquo;est \u00e9lev\u00e9 \u00e0 637.538 dont 413.870 candidats scolaris\u00e9s et 223.668 candidats libres, r\u00e9partis sur 2\/261 centres d&rsquo;examen et encadr\u00e9s par 192.300 enseignants. Le nombre de centres de compostage s&rsquo;\u00e9l\u00e8ve \u00e0 18 centres, contre 81 centres de correction o\u00f9 48.000 correcteurs ont accompli leur devoir.\u00a0<\/p>\n<\/div>\n<p><strong>\/\/\/\/\/\/\/\/\/\/\/\/\/\/\/\/\/\/\/\/\/\/\/\/\/\/\/\/\/\/\/<\/strong><\/p>\n<div readability=\"32\">\n<p>Parents d\u2019\u00e9l\u00e8ves et syndicats rassur\u00e9s<\/p>\n<p><strong>Une mesure exceptionnelle<\/strong><\/p>\n<div readability=\"51\">\n<p>Les repr\u00e9sentants de parents d\u2019\u00e9l\u00e8ves et de syndicats relevant du secteur de l\u2019Education nationale ont fait part, hier, de leur satisfaction suite \u00e0 l\u2019annonce de l\u2019admission au Baccalaur\u00e9at pour tout candidat ayant obtenu une moyenne \u00e9gale ou sup\u00e9rieure \u00e0 9\/20 durant les \u00e9preuves de septembre dernier, qui se sont d\u00e9roul\u00e9s, dans un contexte sanitaire marqu\u00e9 par la pand\u00e9mie de la Covid-19. Dans une d\u00e9claration \u00e0 El Moudjahid, le pr\u00e9sident de l\u2019organisation nationale des parents d\u2019\u00e9l\u00e8ves, Ali Benzina, a salu\u00e9 cette mesure exceptionnelle qui ne concerne que cette ann\u00e9e scolaire, tient-il \u00e0 pr\u00e9ciser. M. Benzina a \u00e9voqu\u00e9 toutes les difficult\u00e9s qu\u2019ont eu \u00e0 vivre les \u00e9l\u00e8ves, en g\u00e9n\u00e9ral, et ceux en classe d\u2019examen, en particulier. \u00abLes sujets du Bac 2020 sont qualifi\u00e9s par beaucoup de candidats de plut\u00f4t difficiles, comme c\u2019est le cas par exemple, pour ceux des sciences naturelles (fili\u00e8res scientifiques), de la langue allemande (dans la fili\u00e8re Langues), des sciences physiques (dans la fili\u00e8re de math\u00e9matiques) et de la comptabilit\u00e9 (fili\u00e8re gestion et \u00e9conomie)\u00bb, rel\u00e8ve-t-il.\u00a0 Le pr\u00e9sident de l\u2019organisation nationale des parents d\u2019\u00e9l\u00e8ves a \u00e9galement fait remarquer qu\u2019il existe \u00abun certain nombre d\u2019\u00e9l\u00e8ves qui n\u2019avaient pas termin\u00e9, en classe, les cours du deuxi\u00e8me trimestre mais qu\u2019ils ont essay\u00e9 d\u2019assimiler des cours qu\u2019ils avaient pr\u00e9par\u00e9 seuls \u00e0 la maison\u00bb, avec des le\u00e7ons dispens\u00e9es via la t\u00e9l\u00e9 et \u00e0 travers Internet.\u00a0\u00a0<\/p>\n<p>La d\u00e9cision annonc\u00e9e par le ministre de l\u2019Education nationale vient rassurer les \u00e9l\u00e8ves et leurs parents en cette situation sanitaire exceptionnelle, a-t-il affirm\u00e9. Ali Benzina s\u2019interroge sur \u00able devenir des laur\u00e9ats ayant obtenu des moyennes en dessous du dix. B\u00e9n\u00e9ficieront-ils d\u2019un choix de sp\u00e9cialit\u00e9s qui leur convient ?<\/p>\n<p>Meziane Meriane, coordinateur national du Syndicat national autonome des professeurs de l&rsquo;enseignement secondaire et technique (SNAPEST), a soutenu qu\u2019il est plut\u00f4t pour l&rsquo;option du rachat. \u00abJ\u2019aurais aim\u00e9 voir qu\u2019on opte plut\u00f4t pour le rachat \u00e0 9\/20 de moyenne et non pas \u00e0 l\u2019admission \u00e0 9\u00bb, soutient-il. Selon son point de vue, \u00ables candidats avaient largement le temps pour r\u00e9viser ais\u00e9ment d\u2019autant plus qu\u2019ils n\u2019avaient que deux trimestres avec plus d\u2019un semestre de pr\u00e9paration \u00e0 cet examen qui sera sanctionn\u00e9 par un dipl\u00f4me d\u2019acc\u00e8s \u00e0 l\u2019universit\u00e9\u00bb.\u00a0<\/p>\n<p>Notre interlocuteur a ensuite d\u00e9taill\u00e9 les trois crit\u00e8res du rachat indiquant que \u00ablorsqu\u2019on d\u00e9cide d\u2019appliquer le rachat, on doit ob\u00e9ir \u00e0 l\u2019un des trois crit\u00e8res suivants pour d\u00e9clarer le candidat admis : Le premier crit\u00e8re c\u2019est lorsque l&rsquo;\u00e9l\u00e8ve n\u2019a pas son dix au bac mais a un dix de moyenne au cours de l\u2019examen, dans ses mati\u00e8res essentielles de sa fili\u00e8re. Le deuxi\u00e8me crit\u00e8re est quand le candidat n\u2019a pas son dix de moyenne au BAC mais qu\u2019il a une moyenne \u00e9gale ou sup\u00e9rieure \u00e0 dix sur vingt dans les mati\u00e8res essentielles pendant l\u2019ann\u00e9e scolaire et le troisi\u00e8me crit\u00e8re s\u2019applique enfin pour le cas de l\u2019\u00e9l\u00e8ve qui a entre neuf et dix sur vingt de moyenne g\u00e9n\u00e9rale pendant l\u2019ann\u00e9e scolaire\u00bb.<\/p>\n<p>Soraya Guemmouri<\/p>\n<\/div>\n<\/div>\n<p>Auteur: elmoudjahid<br \/>\n<a href=\"http:\/\/www.elmoudjahid.com\/fr\/actualites\/160602\">Cliquez ici pour lire l&rsquo;article depuis sa source.<\/a><\/p>\n","protected":false},"excerpt":{"rendered":"<p>Dans une d\u00e9claration \u00e0 la presse, au si\u00e8ge de son d\u00e9partement minist\u00e9riel, M. Ouadjaout a pr\u00e9cis\u00e9 qu&rsquo;il a \u00e9t\u00e9 \u00abd\u00e9cid\u00e9, en compl\u00e9ment des dispositions de l&rsquo;arr\u00eat\u00e9 num\u00e9ro 25 du 2 octobre 2007 fixant les modalit\u00e9s d\u2019organisation de l\u2019examen du baccalaur\u00e9at, modifi\u00e9 par l\u2019article 23 bis, que tout candidat ayant obtenu une moyenne \u00e9gale ou sup\u00e9rieure [&hellip;]<\/p>\n","protected":false},"author":1744,"featured_media":0,"comment_status":"closed","ping_status":"closed","sticky":false,"template":"","format":"standard","meta":{"fifu_image_url":"","fifu_image_alt":"","footnotes":""},"categories":[73,53],"tags":[],"class_list":["post-101528","post","type-post","status-publish","format-standard","hentry","category-actualite","category-algerie"],"_links":{"self":[{"href":"https:\/\/linitiative.ca\/International\/wp-json\/wp\/v2\/posts\/101528","targetHints":{"allow":["GET"]}}],"collection":[{"href":"https:\/\/linitiative.ca\/International\/wp-json\/wp\/v2\/posts"}],"about":[{"href":"https:\/\/linitiative.ca\/International\/wp-json\/wp\/v2\/types\/post"}],"author":[{"embeddable":true,"href":"https:\/\/linitiative.ca\/International\/wp-json\/wp\/v2\/users\/1744"}],"replies":[{"embeddable":true,"href":"https:\/\/linitiative.ca\/International\/wp-json\/wp\/v2\/comments?post=101528"}],"version-history":[{"count":0,"href":"https:\/\/linitiative.ca\/International\/wp-json\/wp\/v2\/posts\/101528\/revisions"}],"wp:attachment":[{"href":"https:\/\/linitiative.ca\/International\/wp-json\/wp\/v2\/media?parent=101528"}],"wp:term":[{"taxonomy":"category","embeddable":true,"href":"https:\/\/linitiative.ca\/International\/wp-json\/wp\/v2\/categories?post=101528"},{"taxonomy":"post_tag","embeddable":true,"href":"https:\/\/linitiative.ca\/International\/wp-json\/wp\/v2\/tags?post=101528"}],"curies":[{"name":"wp","href":"https:\/\/api.w.org\/{rel}","templated":true}]}}