{"id":101532,"date":"2020-10-12T11:13:00","date_gmt":"2020-10-12T15:13:00","guid":{"rendered":"https:\/\/linitiative.ca\/International\/lutte-contre-la-covid-19-a-mascara-journee-detude-sur-les-activites-associatives\/"},"modified":"2020-10-12T11:13:00","modified_gmt":"2020-10-12T15:13:00","slug":"lutte-contre-la-covid-19-a-mascara-journee-detude-sur-les-activites-associatives","status":"publish","type":"post","link":"https:\/\/linitiative.ca\/International\/lutte-contre-la-covid-19-a-mascara-journee-detude-sur-les-activites-associatives\/","title":{"rendered":"LUTTE CONTRE LA COVID-19 A MASCARA : Journ\u00e9e d&rsquo;\u00e9tude sur les activit\u00e9s associatives"},"content":{"rendered":"<p><br id=\"sep_para_1\" class=\"sep_para access\"\/><\/p>\n<div id=\"para_1\" class=\"para_38981057 resize\">\n<div class=\"texte access firstletter\">Pas moins de trente associations de la wilaya de Mascara, ont \u00e9t\u00e9 avant- hier, invit\u00e9es au centre de loisir scientifique de Sidi Said de Mascara, mis \u00e0 leur disposition par le directeur de la jeunesse et des sports, monsieur Kaddour Meziane, pour une journ\u00e9e d&rsquo;\u00e9tudes organis\u00e9e par l&rsquo;association des insuffisants r\u00e9naux \u00ab\u00a0AFAK\u00a0\u00bb, nouvellement agr\u00e9\u00e9e, et pr\u00e9sid\u00e9e par\u00a0 le docteur Amina Bahloul. A l&rsquo;ordre du jour, les exp\u00e9riences des associations dans la lutte contre la pand\u00e9mie de la covid-19. Les repr\u00e9sentants des\u00a0 associations pr\u00e9sents, se sont succ\u00e9d\u00e9 au pupitre pour apporter de nouvelles id\u00e9es et pr\u00e9senter leurs bilans des neuf mois de volontariat, portant sur les campagnes de sensibilisation \u00e0 travers toute la wilaya de Mascara, de st\u00e9rilisation des locaux des administrations et des \u00e9tablissements de sant\u00e9 publique, et de dons de mat\u00e9riels de protection et de st\u00e9rilisation aux personnels m\u00e9dical, param\u00e9dical et technique. D&rsquo;autres intervenants, de la soci\u00e9t\u00e9 civile, ont d\u00e9clar\u00e9 que la lutte contre la pand\u00e9mie, a permis de d\u00e9velopper le travail associatif, et d&rsquo;inculquer la culture du volontariat. Cette journ\u00e9e de sensibilisation, anim\u00e9e de fort belle mani\u00e8re par monsieur Bellout Brahim un activiste associatif, a \u00e9t\u00e9 aussi l&rsquo;occasion aux intervenants, des professeurs et des sp\u00e9cialistes de confirmer que la pand\u00e9mie de la Covid 19, a mis en \u00e9vidence le r\u00f4le r\u00e9el que jouent les associations dans la soci\u00e9t\u00e9, et auxquelles il faut accorder plus d&rsquo;attention afin de d\u00e9fier toutes les circonstances et d&rsquo;atteindre leurs objectifs, qui sont de servir le pays et le citoyen. Docteur Bahlouli Abou-El-Fadhl, professeur \u00e0 l&rsquo;universit\u00e9 de Mascara proposa dans son allocution, le regroupement des associations selon leur domaine, et la confection d&rsquo;un recueil rassemblant leurs diff\u00e9rentes activit\u00e9s.\u00a0<\/div>\n<\/div>\n<p>Auteur: Sahraoui Lahcene<br \/>\n<a href=\"https:\/\/www.reflexiondz.net\/LUTTE-CONTRE-LA-COVID-19-A-MASCARA-Journee-d-etude-sur-les-activites-associatives_a65726.html\">Cliquez ici pour lire l&rsquo;article depuis sa source.<\/a><\/p>\n","protected":false},"excerpt":{"rendered":"<p>Pas moins de trente associations de la wilaya de Mascara, ont \u00e9t\u00e9 avant- hier, invit\u00e9es au centre de loisir scientifique de Sidi Said de Mascara, mis \u00e0 leur disposition par le directeur de la jeunesse et des sports, monsieur Kaddour Meziane, pour une journ\u00e9e d&rsquo;\u00e9tudes organis\u00e9e par l&rsquo;association des insuffisants r\u00e9naux \u00ab\u00a0AFAK\u00a0\u00bb, nouvellement agr\u00e9\u00e9e, et [&hellip;]<\/p>\n","protected":false},"author":1740,"featured_media":0,"comment_status":"closed","ping_status":"closed","sticky":false,"template":"","format":"standard","meta":{"fifu_image_url":"","fifu_image_alt":"","footnotes":""},"categories":[53,76],"tags":[],"class_list":["post-101532","post","type-post","status-publish","format-standard","hentry","category-algerie","category-regions"],"_links":{"self":[{"href":"https:\/\/linitiative.ca\/International\/wp-json\/wp\/v2\/posts\/101532","targetHints":{"allow":["GET"]}}],"collection":[{"href":"https:\/\/linitiative.ca\/International\/wp-json\/wp\/v2\/posts"}],"about":[{"href":"https:\/\/linitiative.ca\/International\/wp-json\/wp\/v2\/types\/post"}],"author":[{"embeddable":true,"href":"https:\/\/linitiative.ca\/International\/wp-json\/wp\/v2\/users\/1740"}],"replies":[{"embeddable":true,"href":"https:\/\/linitiative.ca\/International\/wp-json\/wp\/v2\/comments?post=101532"}],"version-history":[{"count":0,"href":"https:\/\/linitiative.ca\/International\/wp-json\/wp\/v2\/posts\/101532\/revisions"}],"wp:attachment":[{"href":"https:\/\/linitiative.ca\/International\/wp-json\/wp\/v2\/media?parent=101532"}],"wp:term":[{"taxonomy":"category","embeddable":true,"href":"https:\/\/linitiative.ca\/International\/wp-json\/wp\/v2\/categories?post=101532"},{"taxonomy":"post_tag","embeddable":true,"href":"https:\/\/linitiative.ca\/International\/wp-json\/wp\/v2\/tags?post=101532"}],"curies":[{"name":"wp","href":"https:\/\/api.w.org\/{rel}","templated":true}]}}