{"id":101533,"date":"2020-10-12T11:13:00","date_gmt":"2020-10-12T15:13:00","guid":{"rendered":"https:\/\/linitiative.ca\/International\/mascara-arrestation-de-3-trafiquants-de-psychotropes\/"},"modified":"2020-10-12T11:13:00","modified_gmt":"2020-10-12T15:13:00","slug":"mascara-arrestation-de-3-trafiquants-de-psychotropes","status":"publish","type":"post","link":"https:\/\/linitiative.ca\/International\/mascara-arrestation-de-3-trafiquants-de-psychotropes\/","title":{"rendered":"MASCARA : Arrestation de 3 trafiquants de psychotropes"},"content":{"rendered":"<p><br id=\"sep_para_1\" class=\"sep_para access\"\/><\/p>\n<div id=\"para_1\" class=\"para_38981055 resize\">\n<div class=\"texte access firstletter\">Les \u00e9l\u00e9ments de la Brigade de PJ de la 7 eme s\u00fbret\u00e9 urbaine de Mascara ont r\u00e9ussi \u00e0 arr\u00eater un trafiquant de substances psychotropes, \u00e2g\u00e9 de 28 ans en flagrant d\u00e9lit de d\u00e9tention de 42 comprim\u00e9s hallucinog\u00e8nes, au niveau d\u2019une rue du centre-ville de Mascara. Les investigations ont permis d&rsquo;identifier ses deux fournisseurs, qui ont \u00e9t\u00e9 eux aussi arr\u00eat\u00e9s, le premier en possession de 190 comprim\u00e9s hallucinog\u00e8nes dissimul\u00e9s dans son sac-\u00e0-main, ainsi qu\u2019une somme d\u2019argent, et le second \u00e2g\u00e9 de 41 ans, \u00e0 bord d\u2019un v\u00e9hicule. La perquisition du domicile familial de ce dernier a permis de mettre la main sur 35 comprim\u00e9s hallucinog\u00e8nes dissimul\u00e9s dans une armoire dans sa chambre, et de saisir une arme blanche de sixi\u00e8me cat\u00e9gorie (une \u00e9p\u00e9e). Les trois suspects ont \u00e9t\u00e9 pr\u00e9sent\u00e9s devant la justice qui a ordonn\u00e9 leur placement en d\u00e9tention.\u00a0\u00a0\u00a0\u00a0\u00a0\u00a0\u00a0\u00a0\u00a0\u00a0\u00a0\u00a0<\/div>\n<\/div>\n<p>Auteur: Sahraoui Lahcene<br \/>\n<a href=\"https:\/\/www.reflexiondz.net\/MASCARA-Arrestation-de-3-trafiquants-de-psychotropes_a65725.html\">Cliquez ici pour lire l&rsquo;article depuis sa source.<\/a><\/p>\n","protected":false},"excerpt":{"rendered":"<p>Les \u00e9l\u00e9ments de la Brigade de PJ de la 7 eme s\u00fbret\u00e9 urbaine de Mascara ont r\u00e9ussi \u00e0 arr\u00eater un trafiquant de substances psychotropes, \u00e2g\u00e9 de 28 ans en flagrant d\u00e9lit de d\u00e9tention de 42 comprim\u00e9s hallucinog\u00e8nes, au niveau d\u2019une rue du centre-ville de Mascara. Les investigations ont permis d&rsquo;identifier ses deux fournisseurs, qui ont [&hellip;]<\/p>\n","protected":false},"author":1740,"featured_media":0,"comment_status":"closed","ping_status":"closed","sticky":false,"template":"","format":"standard","meta":{"fifu_image_url":"","fifu_image_alt":"","footnotes":""},"categories":[53,76],"tags":[],"class_list":["post-101533","post","type-post","status-publish","format-standard","hentry","category-algerie","category-regions"],"_links":{"self":[{"href":"https:\/\/linitiative.ca\/International\/wp-json\/wp\/v2\/posts\/101533","targetHints":{"allow":["GET"]}}],"collection":[{"href":"https:\/\/linitiative.ca\/International\/wp-json\/wp\/v2\/posts"}],"about":[{"href":"https:\/\/linitiative.ca\/International\/wp-json\/wp\/v2\/types\/post"}],"author":[{"embeddable":true,"href":"https:\/\/linitiative.ca\/International\/wp-json\/wp\/v2\/users\/1740"}],"replies":[{"embeddable":true,"href":"https:\/\/linitiative.ca\/International\/wp-json\/wp\/v2\/comments?post=101533"}],"version-history":[{"count":0,"href":"https:\/\/linitiative.ca\/International\/wp-json\/wp\/v2\/posts\/101533\/revisions"}],"wp:attachment":[{"href":"https:\/\/linitiative.ca\/International\/wp-json\/wp\/v2\/media?parent=101533"}],"wp:term":[{"taxonomy":"category","embeddable":true,"href":"https:\/\/linitiative.ca\/International\/wp-json\/wp\/v2\/categories?post=101533"},{"taxonomy":"post_tag","embeddable":true,"href":"https:\/\/linitiative.ca\/International\/wp-json\/wp\/v2\/tags?post=101533"}],"curies":[{"name":"wp","href":"https:\/\/api.w.org\/{rel}","templated":true}]}}