{"id":101534,"date":"2020-10-12T11:36:00","date_gmt":"2020-10-12T15:36:00","guid":{"rendered":"https:\/\/linitiative.ca\/International\/pr-nissaf-ben-alaya-choisie-membre-de-la-commission-lancet-covid-19-a-columbia-university-ny\/"},"modified":"2020-10-12T11:36:00","modified_gmt":"2020-10-12T15:36:00","slug":"pr-nissaf-ben-alaya-choisie-membre-de-la-commission-lancet-covid-19-a-columbia-university-ny","status":"publish","type":"post","link":"https:\/\/linitiative.ca\/International\/pr-nissaf-ben-alaya-choisie-membre-de-la-commission-lancet-covid-19-a-columbia-university-ny\/","title":{"rendered":"Pr Nissaf Ben Alaya choisie membre de la Commission Lancet Covid 19, \u00e0 Columbia University (NY)"},"content":{"rendered":"<p>Une prestigieuse distinction scientifique internationale vient rendre hommage aux blouses blanches tunisiennes engag\u00e9es dans la lutte contre le Covid-19. Pr Nissaf Ben Alaya, directrice g\u00e9n\u00e9rale de l\u2019Observatoire national des maladies nouvelles et \u00e9mergentes (ONMNE) vient en effet d\u2019\u00eatre coopt\u00e9e membre de la Commission Lancet Task Force COVID-19. Elle a \u00e9t\u00e9 invit\u00e9e \u00e0 rejoindre cette nouvelle commission Lancet, en qualit\u00e9 de membre du groupe de travail portant sur les mesures de sant\u00e9 publique en vue d\u2019endiguer la pand\u00e9mie.<\/p>\n<p>Pr Ben Alya est l\u2019unique membre de la Task Force issue de la r\u00e9gion l&rsquo;Afrique du Nord et de l&rsquo;Ouest et la r\u00e9gion MENA. La Lancet de la commission COVID-19, dont le si\u00e8ge est \u00e0 l&rsquo;universit\u00e9 de Columbia (New York), rassemble les principaux praticiens du monde entier sur COVID-19 et vise \u00e0 comparer les exp\u00e9riences et \u00e0 r\u00e9primer la pand\u00e9mie.<\/p>\n<p>\u00ab\u00a0La Commission COVID-19 du Lancet a \u00e9t\u00e9 cr\u00e9\u00e9e pour aider l\u2019acc\u00e9l\u00e9ration de la mise en place de solutions mondiales, \u00e9quitables et durables \u00e0 la pand\u00e9mie\u00a0\u00bb. C\u2019est ce qu\u2019a d\u00e9clar\u00e9 le professeur Jeffrey Sachs, pr\u00e9sident de la Commission COVID-19.<\/p>\n<p><span class=\"c2\" lang=\"EN-US\">Pr Ben Alaya participera notamment \u00e0 un s\u00e9minaire co-sponsoris\u00e9 par the School of International and Public Affairs, the Earth Institute, et the Mailman School of Public Health. Il est co-organis\u00e9 par les professeurs Scott Barrett, Jeffrey Sachs et Yanis Ben Amor.<\/span><\/p>\n<p class=\"MsoNormal c3\">\u00a0<\/p>\n<p class=\"MsoNormal c3\">\u00a0<\/p>\n<p>Auteur:<br \/>\n<a href=\"https:\/\/www.leaders.com.tn\/article\/30720-pr-nissaf-ben-alaya-choisie-membre-de-la-commission-lancet-covid-19-a-columbia-university-ny\">Cliquez ici pour lire l&rsquo;article depuis sa source.<\/a><\/p>\n","protected":false},"excerpt":{"rendered":"<p>Une prestigieuse distinction scientifique internationale vient rendre hommage aux blouses blanches tunisiennes engag\u00e9es dans la lutte contre le Covid-19. Pr Nissaf Ben Alaya, directrice g\u00e9n\u00e9rale de l\u2019Observatoire national des maladies nouvelles et \u00e9mergentes (ONMNE) vient en effet d\u2019\u00eatre coopt\u00e9e membre de la Commission Lancet Task Force COVID-19. Elle a \u00e9t\u00e9 invit\u00e9e \u00e0 rejoindre cette nouvelle [&hellip;]<\/p>\n","protected":false},"author":1772,"featured_media":0,"comment_status":"closed","ping_status":"closed","sticky":false,"template":"","format":"standard","meta":{"fifu_image_url":"","fifu_image_alt":"","footnotes":""},"categories":[73,55],"tags":[],"class_list":["post-101534","post","type-post","status-publish","format-standard","hentry","category-actualite","category-tunisie"],"_links":{"self":[{"href":"https:\/\/linitiative.ca\/International\/wp-json\/wp\/v2\/posts\/101534","targetHints":{"allow":["GET"]}}],"collection":[{"href":"https:\/\/linitiative.ca\/International\/wp-json\/wp\/v2\/posts"}],"about":[{"href":"https:\/\/linitiative.ca\/International\/wp-json\/wp\/v2\/types\/post"}],"author":[{"embeddable":true,"href":"https:\/\/linitiative.ca\/International\/wp-json\/wp\/v2\/users\/1772"}],"replies":[{"embeddable":true,"href":"https:\/\/linitiative.ca\/International\/wp-json\/wp\/v2\/comments?post=101534"}],"version-history":[{"count":0,"href":"https:\/\/linitiative.ca\/International\/wp-json\/wp\/v2\/posts\/101534\/revisions"}],"wp:attachment":[{"href":"https:\/\/linitiative.ca\/International\/wp-json\/wp\/v2\/media?parent=101534"}],"wp:term":[{"taxonomy":"category","embeddable":true,"href":"https:\/\/linitiative.ca\/International\/wp-json\/wp\/v2\/categories?post=101534"},{"taxonomy":"post_tag","embeddable":true,"href":"https:\/\/linitiative.ca\/International\/wp-json\/wp\/v2\/tags?post=101534"}],"curies":[{"name":"wp","href":"https:\/\/api.w.org\/{rel}","templated":true}]}}