{"id":101539,"date":"2020-10-12T06:00:00","date_gmt":"2020-10-12T10:00:00","guid":{"rendered":"https:\/\/linitiative.ca\/International\/le-parquet-annonce-une-enquete-contre-le-president-a-la-fin-de-son-mandat\/"},"modified":"2020-10-12T06:00:00","modified_gmt":"2020-10-12T10:00:00","slug":"le-parquet-annonce-une-enquete-contre-le-president-a-la-fin-de-son-mandat","status":"publish","type":"post","link":"https:\/\/linitiative.ca\/International\/le-parquet-annonce-une-enquete-contre-le-president-a-la-fin-de-son-mandat\/","title":{"rendered":"Le parquet annonce une enqu\u00eate contre le Pr\u00e9sident \u00e0 la fin de son mandat"},"content":{"rendered":"<p>Le parquet g\u00e9n\u00e9ral du P\u00e9rou a annonc\u00e9 qu&rsquo;il ouvrirait une enqu\u00eate pour corruption contre le Pr\u00e9sident Martin Vizcarra \u00e0 la fin de son mandat, en juillet 2021.<br \/>\u00abApr\u00e8s avoir re\u00e7u le rapport du parquet provincial sp\u00e9cialis\u00e9 dans les d\u00e9lits de corruption de fonctionnaires, nous avons d\u00e9cid\u00e9 qu&rsquo;il existe des raisons pour enqu\u00eater sur le pr\u00e9sident de la R\u00e9publique\u00bb, a indiqu\u00e9 le parquet g\u00e9n\u00e9ral dans un communiqu\u00e9.<br \/>En raison de l&rsquo;immunit\u00e9 que conf\u00e8re la Constitution au chef de l&rsquo;\u00c9tat, \u00able d\u00e9but de l&rsquo;enqu\u00eate reste suspendu jusqu&rsquo;au 28 juillet 2021, quand il quittera ses fonctions\u00bb, a pr\u00e9cis\u00e9 le parquet.<br \/>Martin Vizcarra a r\u00e9agi samedi, se disant pr\u00eat \u00e0 affronter une enqu\u00eate d\u00e8s maintenant.<br \/>\u00abJe suis l\u00e0. Je n&rsquo;attends pas le 28 juillet de l&rsquo;ann\u00e9e prochaine, je veux mettre les choses au clair d\u00e8s maintenant parce que tout est transparent et conforme \u00e0 la loi\u00bb, a-t-il d\u00e9clar\u00e9.<br \/>L&rsquo;affaire, pour laquelle une proc\u00e9dure de destitution contre M. Vizcarra avait \u00e9t\u00e9 lanc\u00e9e sans succ\u00e8s en septembre, porte sur l&#8217;embauche d&rsquo;un chanteur par le minist\u00e8re de la Culture.<br \/>La justice soup\u00e7onne cet artiste peu connu, Richard Cisneros, alias \u00abRichard Swing\u00bb, d&rsquo;avoir touch\u00e9 environ 50 000 dollars d&rsquo;argent public en vertu d&rsquo;un contrat de complaisance pour effectuer des conf\u00e9rences.<br \/>Lors de la proc\u00e9dure de destitution devant le Parlement en septembre, les d\u00e9put\u00e9s avaient pu \u00e9couter des enregistrements dans lesquels M. Vizcarra demandait \u00e0 deux de ses assistants de mentir sur le nombre de visites effectu\u00e9es par ce chanteur au si\u00e8ge du gouvernement.<br \/>Le P\u00e9rou a connu une forte instabilit\u00e9 politique au cours des derni\u00e8res ann\u00e9es, les quatre derniers pr\u00e9sidents ayant eu maille \u00e0 partir avec la justice.\u00a0<\/p>\n<p>Auteur:<br \/>\n<a href=\"https:\/\/www.lesoirdalgerie.com\/monde\/le-parquet-annonce-une-enquete-contre-le-president-a-la-fin-de-son-mandat-49551\">Cliquez ici pour lire l&rsquo;article depuis sa source.<\/a><\/p>\n","protected":false},"excerpt":{"rendered":"<p>Le parquet g\u00e9n\u00e9ral du P\u00e9rou a annonc\u00e9 qu&rsquo;il ouvrirait une enqu\u00eate pour corruption contre le Pr\u00e9sident Martin Vizcarra \u00e0 la fin de son mandat, en juillet 2021.\u00abApr\u00e8s avoir re\u00e7u le rapport du parquet provincial sp\u00e9cialis\u00e9 dans les d\u00e9lits de corruption de fonctionnaires, nous avons d\u00e9cid\u00e9 qu&rsquo;il existe des raisons pour enqu\u00eater sur le pr\u00e9sident de [&hellip;]<\/p>\n","protected":false},"author":1741,"featured_media":0,"comment_status":"closed","ping_status":"closed","sticky":false,"template":"","format":"standard","meta":{"fifu_image_url":"","fifu_image_alt":"","footnotes":""},"categories":[73,53],"tags":[],"class_list":["post-101539","post","type-post","status-publish","format-standard","hentry","category-actualite","category-algerie"],"_links":{"self":[{"href":"https:\/\/linitiative.ca\/International\/wp-json\/wp\/v2\/posts\/101539","targetHints":{"allow":["GET"]}}],"collection":[{"href":"https:\/\/linitiative.ca\/International\/wp-json\/wp\/v2\/posts"}],"about":[{"href":"https:\/\/linitiative.ca\/International\/wp-json\/wp\/v2\/types\/post"}],"author":[{"embeddable":true,"href":"https:\/\/linitiative.ca\/International\/wp-json\/wp\/v2\/users\/1741"}],"replies":[{"embeddable":true,"href":"https:\/\/linitiative.ca\/International\/wp-json\/wp\/v2\/comments?post=101539"}],"version-history":[{"count":0,"href":"https:\/\/linitiative.ca\/International\/wp-json\/wp\/v2\/posts\/101539\/revisions"}],"wp:attachment":[{"href":"https:\/\/linitiative.ca\/International\/wp-json\/wp\/v2\/media?parent=101539"}],"wp:term":[{"taxonomy":"category","embeddable":true,"href":"https:\/\/linitiative.ca\/International\/wp-json\/wp\/v2\/categories?post=101539"},{"taxonomy":"post_tag","embeddable":true,"href":"https:\/\/linitiative.ca\/International\/wp-json\/wp\/v2\/tags?post=101539"}],"curies":[{"name":"wp","href":"https:\/\/api.w.org\/{rel}","templated":true}]}}