{"id":101540,"date":"2020-10-12T06:00:00","date_gmt":"2020-10-12T10:00:00","guid":{"rendered":"https:\/\/linitiative.ca\/International\/la-chine-propose-une-plateforme-de-dialogue-dans-le-golfe\/"},"modified":"2020-10-12T06:00:00","modified_gmt":"2020-10-12T10:00:00","slug":"la-chine-propose-une-plateforme-de-dialogue-dans-le-golfe","status":"publish","type":"post","link":"https:\/\/linitiative.ca\/International\/la-chine-propose-une-plateforme-de-dialogue-dans-le-golfe\/","title":{"rendered":"La Chine propose une \u00abplateforme de dialogue\u00bb dans le Golfe"},"content":{"rendered":"<p>Le ministre chinois des Affaires \u00e9trang\u00e8res Wang Yi a plaid\u00e9, lors d&rsquo;une rencontre avec son homologue iranien Javad Zarif, pour la cr\u00e9ation d&rsquo;une \u00abplateforme de dialogue multilat\u00e9rale\u00bb pour d\u00e9samorcer les tensions au Moyen-Orient, selon P\u00e9kin.<br \/>Les deux hommes, qui se sont entretenus samedi en Chine \u00e0 Tengchong (sud-ouest), ont \u00e9galement affich\u00e9 leur unit\u00e9 pour la d\u00e9fense de l&rsquo;accord sur le nucl\u00e9aire iranien de 2015, d\u00e9non\u00e7ant \u00abl&rsquo;unilat\u00e9ralisme\u00bb et \u00abl&rsquo;intimidation\u00bbdes \u00c9tats-Unis.<br \/>Les tensions au Moyen-Orient sont vives entre l&rsquo;Iran et l&rsquo;Arabie Saoudite, en raison notamment de la guerre au Y\u00e9men, de l&rsquo;influence iranienne en Irak ou du soutien saoudien \u00e0 la \u00abpression maximale\u00bb de Washington sur T\u00e9h\u00e9ran.<br \/>\u00abFace aux pr\u00e9occupations l\u00e9gitimes de toutes les parties en mati\u00e8re de s\u00e9curit\u00e9, la Chine propose la cr\u00e9ation d&rsquo;une plateforme de dialogue multilat\u00e9rale et r\u00e9gionale\u00bb, a indiqu\u00e9 Wang Yi, selon un communiqu\u00e9 publi\u00e9 samedi soir par son minist\u00e8re. \u00abToutes les parties prenantes participeraient sur un pied d&rsquo;\u00e9galit\u00e9, afin d&rsquo;am\u00e9liorer la compr\u00e9hension mutuelle par le dialogue et de discuter des moyens politiques et diplomatiques de r\u00e9soudre les probl\u00e8mes de s\u00e9curit\u00e9\u00bb, a-t-il plaid\u00e9. La seule pr\u00e9-condition fix\u00e9e par Wang Yi est la d\u00e9fense de l&rsquo;accord international sur le nucl\u00e9aire iranien, duquel les \u00c9tats-Unis se sont retir\u00e9s en 2018. Le Pr\u00e9sident Donald Trump estimait ce texte insuffisant pour emp\u00eacher l&rsquo;Iran de se doter de l&rsquo;arme nucl\u00e9aire et pour enrayer le comportement jug\u00e9 \u00abd\u00e9stabilisateur\u00bb de T\u00e9h\u00e9ran au Moyen-Orient. Depuis, le locataire de la Maison-Blanche a r\u00e9tabli, puis durci, toutes les sanctions am\u00e9ricaines lev\u00e9es en 2015. Et les deux pays sont apparus plusieurs fois au bord de la confrontation directe. \u00abLa Chine s&rsquo;oppose \u00e0 tout acte unilat\u00e9ral qui porte atteinte \u00e0 l&rsquo;accord (nucl\u00e9aire) et continuera de promouvoir sa mise en \u0153uvre\u00bb, a indiqu\u00e9 Wang Yi, appelant \u00e0 renforcer la coop\u00e9ration avec l&rsquo;Iran \u00abpour d\u00e9fendre le multilat\u00e9ralisme\u00bb et \u00abs&rsquo;opposer \u00e0 l&rsquo;intimidation\u00bb.<br \/>Sur Twitter, Javad Zarif a salu\u00e9 samedi des \u00abdiscussions fructueuses\u00bb qui ont permis de renforcer les liens bilat\u00e9raux en mati\u00e8re de coop\u00e9ration r\u00e9gionale, de vaccins contre le Covid-19 ou encore de d\u00e9fense de l&rsquo;accord sur le nucl\u00e9aire. \u00abAvons rejet\u00e9 l&rsquo;unilat\u00e9ralisme am\u00e9ricain et les tentatives des \u00c9tats-Unis de cr\u00e9er un monde unipolaire\u00bb, a-t-il soulign\u00e9.<br \/>Selon le minist\u00e8re chinois des Affaires \u00e9trang\u00e8res, Javad Zarif, dont le pays est de loin le plus touch\u00e9 du Moyen-Orient par le Covid-19, a \u00e9galement f\u00e9licit\u00e9 la Chine pour ses \u00abremarquables accomplissements\u00bb dans la lutte contre le coronavirus.\u00a0<\/p>\n<p>Auteur:<br \/>\n<a href=\"https:\/\/www.lesoirdalgerie.com\/monde\/la-chine-propose-une-plateforme-de-dialogue-dans-le-golfe-49550\">Cliquez ici pour lire l&rsquo;article depuis sa source.<\/a><\/p>\n","protected":false},"excerpt":{"rendered":"<p>Le ministre chinois des Affaires \u00e9trang\u00e8res Wang Yi a plaid\u00e9, lors d&rsquo;une rencontre avec son homologue iranien Javad Zarif, pour la cr\u00e9ation d&rsquo;une \u00abplateforme de dialogue multilat\u00e9rale\u00bb pour d\u00e9samorcer les tensions au Moyen-Orient, selon P\u00e9kin.Les deux hommes, qui se sont entretenus samedi en Chine \u00e0 Tengchong (sud-ouest), ont \u00e9galement affich\u00e9 leur unit\u00e9 pour la d\u00e9fense [&hellip;]<\/p>\n","protected":false},"author":1741,"featured_media":0,"comment_status":"closed","ping_status":"closed","sticky":false,"template":"","format":"standard","meta":{"fifu_image_url":"","fifu_image_alt":"","footnotes":""},"categories":[73,53],"tags":[],"class_list":["post-101540","post","type-post","status-publish","format-standard","hentry","category-actualite","category-algerie"],"_links":{"self":[{"href":"https:\/\/linitiative.ca\/International\/wp-json\/wp\/v2\/posts\/101540","targetHints":{"allow":["GET"]}}],"collection":[{"href":"https:\/\/linitiative.ca\/International\/wp-json\/wp\/v2\/posts"}],"about":[{"href":"https:\/\/linitiative.ca\/International\/wp-json\/wp\/v2\/types\/post"}],"author":[{"embeddable":true,"href":"https:\/\/linitiative.ca\/International\/wp-json\/wp\/v2\/users\/1741"}],"replies":[{"embeddable":true,"href":"https:\/\/linitiative.ca\/International\/wp-json\/wp\/v2\/comments?post=101540"}],"version-history":[{"count":0,"href":"https:\/\/linitiative.ca\/International\/wp-json\/wp\/v2\/posts\/101540\/revisions"}],"wp:attachment":[{"href":"https:\/\/linitiative.ca\/International\/wp-json\/wp\/v2\/media?parent=101540"}],"wp:term":[{"taxonomy":"category","embeddable":true,"href":"https:\/\/linitiative.ca\/International\/wp-json\/wp\/v2\/categories?post=101540"},{"taxonomy":"post_tag","embeddable":true,"href":"https:\/\/linitiative.ca\/International\/wp-json\/wp\/v2\/tags?post=101540"}],"curies":[{"name":"wp","href":"https:\/\/api.w.org\/{rel}","templated":true}]}}