{"id":101547,"date":"2020-10-12T17:01:50","date_gmt":"2020-10-12T21:01:50","guid":{"rendered":"https:\/\/linitiative.ca\/International\/africainmotion-accelerer-linclusion-grace-a-des-solutions-mobiles\/"},"modified":"2020-10-12T17:01:50","modified_gmt":"2020-10-12T21:01:50","slug":"africainmotion-accelerer-linclusion-grace-a-des-solutions-mobiles","status":"publish","type":"post","link":"https:\/\/linitiative.ca\/International\/africainmotion-accelerer-linclusion-grace-a-des-solutions-mobiles\/","title":{"rendered":"AfricaInMotion: acc\u00e9l\u00e9rer l\u2019inclusion gr\u00e2ce \u00e0 des solutions mobiles"},"content":{"rendered":"<p><strong>La r\u00e9volution num\u00e9rique a ouvert la voie \u00e0 d\u2019innombrables innovations. L\u2019Afrique qui conna\u00eet un progr\u00e8s technologique notable voit aussi son potentiel novateur croitre \u00e0 un rythme exponentiel. Chez Ericsson, nous avons lanc\u00e9 l\u2019initiative #AfricaInMotion pour acc\u00e9l\u00e9rer le d\u00e9ploiement de la technologie en Afrique avec nos partenaires afin de r\u00e9it\u00e9rer notre engagement \u00e0 leur assurer notre meilleur accompagnement.<\/strong><\/p>\n<div class=\"c10\"\/>\n<p>Selon le Mobility Report d\u2019Ericsson, plus de 340 millions de personnes sont connect\u00e9es au haut d\u00e9bit mobile en Afrique subsaharienne, et ce nombre passera au double dans cinq ans \u00e0 peine. D\u2019ici 2025, le trafic de donn\u00e9es mobiles en Afrique augmentera de plus de 50% d\u2019une ann\u00e9e \u00e0 une autre, enregistrant ainsi le taux de croissance le plus \u00e9lev\u00e9 au monde.<\/p>\n<p>L\u2019Afrique ne fait donc pas que rattraper son retard, une r\u00e9elle dynamique de d\u00e9veloppement technologique est en place \u00e0 la faveur de l\u2019am\u00e9lioration de la connectivit\u00e9.<\/p>\n<p>Il ne s\u2019agit pas de ce que nous avons, mais de ce que nous allons faire ! Il s\u2019agit de savoir dans quelle mesure la connectivit\u00e9 peut acc\u00e9l\u00e9rer la recherche de solutions \u00e0 nos d\u00e9fis en Afrique, qu\u2019ils soient \u00e9conomiques ou sociaux.<\/p>\n<p>La puissance de la connectivit\u00e9 r\u00e9pond \u00e0 l\u2019un des d\u00e9fis majeurs qui se pose et qui est \u00e0 mon sens le plus essentiel et \u00e0 m\u00eame de relever tous les autres, il s\u2019agit de l\u2019\u00e9ducation !<\/p>\n<p><strong>Lire aussi| <a href=\"https:\/\/www.challenge.ma\/bank-al-maghrib-et-ifc-joignent-leurs-efforts-pour-ameliorer-lacces-des-femmes-entrepreneures-au-financement-160872\/\">Bank Al-Maghrib et IFC joignent leurs efforts pour am\u00e9liorer l\u2019acc\u00e8s des femmes entrepreneures au financement<\/a><\/strong><\/p>\n<p>Nous savons tous que l\u2019\u00e9ducation est un moteur de croissance et de progr\u00e8s. Plus le niveau d\u2019\u00e9ducation d\u2019une soci\u00e9t\u00e9 est \u00e9lev\u00e9, plus ses citoyens peuvent apporter une contribution b\u00e9n\u00e9fique \u00e0 leur environnement.<\/p>\n<p>Un autre \u00e9l\u00e9ment renforce l\u2019importance de l\u2019\u00e9ducation, c\u2019est son r\u00f4le d\u00e9terminant dans l\u2019am\u00e9lioration de la qualit\u00e9 de vie des individus et des communaut\u00e9s. L\u2019\u00e9ducation favorise l\u2019inclusion, renforce le pouvoir d\u00e9cisionnel et permet d\u2019atteindre les objectifs de d\u00e9veloppement durable. Le d\u00e9veloppement humain favorise la cr\u00e9ation d\u2019opportunit\u00e9s de croissance durable pour les soci\u00e9t\u00e9s en Afrique qui n\u2019ont rien \u00e0 envier \u00e0 d\u2019autres soci\u00e9t\u00e9s ailleurs dans le monde.<\/p>\n<p>La citation de la figure historique de la lutte pour l\u2019\u00e9galit\u00e9 des peuples, l\u2019ancien pr\u00e9sident sud-africain Nelson Mandela, le confirme : \u00a0\u00bb L\u2019\u00e9ducation est le grand moteur du d\u00e9veloppement personnel. C\u2019est par l\u2019\u00e9ducation que la fille d\u2019un paysan peut devenir m\u00e9decin, que le fils d\u2019un mineur peut devenir le chef de la mine, qu\u2019un enfant d\u2019ouvrier agricole peut devenir pr\u00e9sident d\u2019une grande nation\u00a0\u00bb. C\u2019est ce que nous faisons de ce que nous n\u2019avons pas ce qui nous est donn\u00e9, qui s\u00e9pare une personne d\u2019une autre.<\/p>\n<p>Si \u00e0 l\u2019\u00e8re du num\u00e9rique l\u2019Afrique veut \u00eatre comp\u00e9titive, le point de d\u00e9part est de donner aux jeunes talents la possibilit\u00e9 d\u2019exprimer leur cr\u00e9ativit\u00e9. En parall\u00e8le, nous devons tirer parti du pouvoir de la connectivit\u00e9 pour permettre \u00e0 l\u2019\u00e9ducation de se d\u00e9ployer et par la suite, en r\u00e9colter les b\u00e9n\u00e9fices pour la soci\u00e9t\u00e9 et l\u2019\u00e9conomie.<\/p>\n<p>Alors, comment pouvons-nous permettre l\u2019inclusion num\u00e9rique pour soutenir l\u2019avenir de l\u2019\u00e9ducation ?<\/p>\n<p>Les principaux catalyseurs pour soutenir l\u2019inclusion num\u00e9rique et une plus grande adoption des services mobiles pour soutenir l\u2019\u00e9ducation future sont l\u2019infrastructure en place, des smartphones \u00e0 moindre co\u00fbts et la disponibilit\u00e9 de contenus \u00e9ducatifs au profit des consommateurs.<\/p>\n<p>La crise sanitaire mondiale a \u00e9t\u00e9 \u00e0 l\u2019origine de la plus grande perturbation des syst\u00e8mes \u00e9ducatifs de l\u2019histoire ! Mais en m\u00eame temps elle a stimul\u00e9 l\u2019innovation, d\u00e9montr\u00e9 le r\u00f4le incontournable de la connectivit\u00e9 au service de l\u2019\u00e9ducation mais aussi au service de la collaboration. Lorsque tous les partenaires se sont r\u00e9unis pour permettre la connectivit\u00e9, d\u00e9velopper des solutions pour les \u00e9coles, l\u2019\u00e9ducation en a pleinement b\u00e9n\u00e9fici\u00e9.<\/p>\n<p><strong>Lire aussi| <a href=\"https:\/\/www.challenge.ma\/ale-maroc-turquie-a-quoi-sattendre-desormais-160773\/\">ALE Maroc-Turquie : \u00e0 quoi s\u2019attendre d\u00e9sormais ?<\/a><\/strong><\/p>\n<p>Cela nous a incit\u00e9s \u00e0 nous associer r\u00e9cemment \u00e0 l\u2019UNICEF pour aider \u00e0 combler le foss\u00e9 num\u00e9rique en cartographiant les \u00e9coles non connect\u00e9es du monde entier dans 35 pays d\u2019ici la fin de 2023, dont beaucoup se trouvent en Afrique. Il s\u2019agit d\u2019une premi\u00e8re \u00e9tape cruciale pour donner \u00e0 chaque enfant acc\u00e8s \u00e0 des opportunit\u00e9s d\u2019apprentissage num\u00e9rique. Cet effort conjoint fait partie de l\u2019initiative Giga qui vise \u00e0 connecter chaque \u00e9cole \u00e0 Internet.<\/p>\n<p>En plus du financement, nous nous engageons \u00e0 fournir des ressources pour l\u2019ing\u00e9nierie des donn\u00e9es et la capacit\u00e9 de science des donn\u00e9es afin d\u2019acc\u00e9l\u00e9rer la cartographie de la connectivit\u00e9 scolaire. En collaboration avec nos partenaires de l\u2019industrie, nous contribuerons \u00e0 la collecte, \u00e0 la validation et \u00e0 l\u2019analyse des donn\u00e9es de connectivit\u00e9 scolaire en temps r\u00e9el. Cela fait partie de notre programme Connect to Learn, une initiative d\u2019\u00e9ducation mondiale qui a atteint \u00e0 ce jour plus de 180000 \u00e9tudiants r\u00e9partis dans 25 pays.<\/p>\n<p>Aujourd\u2019hui, la technologie nous offre une grande opportunit\u00e9 ; c\u2019est \u00e0 nous tous de collaborer, de changer les mentalit\u00e9s, de conduire des changements de politique et de cr\u00e9er l\u2019environnement n\u00e9cessaire pour le partage et l\u2019ex\u00e9cution des connaissances et de participer \u00e0 la construction d\u2019un avenir meilleur pour l\u2019Afrique.<\/p>\n<p>Mais comment pouvons-nous avancer ?<\/p>\n<p>Si nous voulons avoir un v\u00e9ritable impact sur l\u2019inclusion, nous devons travailler ensemble au nom des populations exclues pour \u00e9tendre la connectivit\u00e9, permettre l\u2019adoption de la technologie et en tirer parti pour permettre l\u2019\u00e9ducation.<\/p>\n<p>Nous devrons nous concentrer sur les partenariats public-priv\u00e9. Collaborer pour cr\u00e9er l\u2019environnement n\u00e9cessaire au partage et \u00e0 l\u2019ex\u00e9cution des connaissances. Pour acc\u00e9l\u00e9rer l\u2019inclusion num\u00e9rique, nous y avons tous un r\u00f4le \u00e0 jouer.<\/p>\n<p>Ce n\u2019est pas parce qu\u2019une personne est connect\u00e9e que notre travail est termin\u00e9. Il s\u2019agit de comprendre ce que la connectivit\u00e9 lui apportera et quelles probl\u00e9matiques lui r\u00e9soudra-t-elle ?<\/p>\n<p>Nous combattons ensemble les maladies, et la technologie nous a prouv\u00e9 qu\u2019elle a le pouvoir de sauver des vies, de sauver notre monde.<\/p>\n<p>Aujourd\u2019hui, nous avons l\u2019occasion de d\u00e9finir #AfricaInMotion et d\u2019acc\u00e9l\u00e9rer la croissance de l\u2019Afrique gr\u00e2ce \u00e0 l\u2019inclusion num\u00e9rique. Nous pouvons cr\u00e9er un changement historique avec la technologie comme facteur cl\u00e9, une soci\u00e9t\u00e9 o\u00f9 plus de gens ont la possibilit\u00e9 de profiter de ce que nous tenons pour acquis.<\/p>\n<p>#AfricaInMotion<\/p>\n<div class=\"vw-sticky-sidebar-wrapper vw-sticky-sidebar widget_text awac-wrapper widget_text awac widget custom_html-4 textwidget custom-html-widget\">\n<p class=\"has-background c12\"><span class=\"widget-title c11\">Tribune et D\u00e9bats<\/span><\/p>\n<p>La tribune qui vous parle d\u2019une actu, d\u2019un sujet qui fait d\u00e9bat, les traite et les analyse. \u00c9conomistes et autres experts, patrons d\u2019entreprises, d\u00e9cideurs, acteurs de la soci\u00e9t\u00e9 civile, s\u2019y prononcent et contribuent \u00e0 sa grande richesse. Vous avez votre opinion, convergente ou diff\u00e9rente. Exprimez-la et mesurez-vous ainsi \u00e0 nos tribuns et d\u00e9batteurs.<\/p>\n<p>Envoyez vos analyses \u00e0 : <a href=\"\/cdn-cgi\/l\/email-protection#7f1c10110b1e1c0b3f1c171e13131a11181a51121e\"><span class=\"__cf_email__\" data-cfemail=\"92f1fdfce6f3f1e6d2f1faf3fefef7fcf5f7bcfff3\">[email\u00a0protected]<\/span><\/a>, en pr\u00e9cisant votre nom, votre pr\u00e9nom et votre m\u00e9tier.<\/p>\n<\/div>\n<p>Auteur: challenge<br \/>\n<a href=\"https:\/\/www.challenge.ma\/africainmotion-accelerer-linclusion-grace-a-des-solutions-mobiles-160927\/\">Cliquez ici pour lire l&rsquo;article depuis sa source.<\/a><\/p>\n","protected":false},"excerpt":{"rendered":"<p>La r\u00e9volution num\u00e9rique a ouvert la voie \u00e0 d\u2019innombrables innovations. L\u2019Afrique qui conna\u00eet un progr\u00e8s technologique notable voit aussi son potentiel novateur croitre \u00e0 un rythme exponentiel. Chez Ericsson, nous avons lanc\u00e9 l\u2019initiative #AfricaInMotion pour acc\u00e9l\u00e9rer le d\u00e9ploiement de la technologie en Afrique avec nos partenaires afin de r\u00e9it\u00e9rer notre engagement \u00e0 leur assurer notre [&hellip;]<\/p>\n","protected":false},"author":1787,"featured_media":0,"comment_status":"closed","ping_status":"closed","sticky":false,"template":"","format":"standard","meta":{"fifu_image_url":"","fifu_image_alt":"","footnotes":""},"categories":[78,54],"tags":[],"class_list":["post-101547","post","type-post","status-publish","format-standard","hentry","category-economie","category-maroc"],"_links":{"self":[{"href":"https:\/\/linitiative.ca\/International\/wp-json\/wp\/v2\/posts\/101547","targetHints":{"allow":["GET"]}}],"collection":[{"href":"https:\/\/linitiative.ca\/International\/wp-json\/wp\/v2\/posts"}],"about":[{"href":"https:\/\/linitiative.ca\/International\/wp-json\/wp\/v2\/types\/post"}],"author":[{"embeddable":true,"href":"https:\/\/linitiative.ca\/International\/wp-json\/wp\/v2\/users\/1787"}],"replies":[{"embeddable":true,"href":"https:\/\/linitiative.ca\/International\/wp-json\/wp\/v2\/comments?post=101547"}],"version-history":[{"count":0,"href":"https:\/\/linitiative.ca\/International\/wp-json\/wp\/v2\/posts\/101547\/revisions"}],"wp:attachment":[{"href":"https:\/\/linitiative.ca\/International\/wp-json\/wp\/v2\/media?parent=101547"}],"wp:term":[{"taxonomy":"category","embeddable":true,"href":"https:\/\/linitiative.ca\/International\/wp-json\/wp\/v2\/categories?post=101547"},{"taxonomy":"post_tag","embeddable":true,"href":"https:\/\/linitiative.ca\/International\/wp-json\/wp\/v2\/tags?post=101547"}],"curies":[{"name":"wp","href":"https:\/\/api.w.org\/{rel}","templated":true}]}}