{"id":101552,"date":"2020-10-12T16:33:14","date_gmt":"2020-10-12T20:33:14","guid":{"rendered":"https:\/\/linitiative.ca\/International\/tunisie-ministere-de-la-sante-la-curieuse-idee-de-recourir-aux-centres-dappel\/"},"modified":"2020-10-12T16:33:14","modified_gmt":"2020-10-12T20:33:14","slug":"tunisie-ministere-de-la-sante-la-curieuse-idee-de-recourir-aux-centres-dappel","status":"publish","type":"post","link":"https:\/\/linitiative.ca\/International\/tunisie-ministere-de-la-sante-la-curieuse-idee-de-recourir-aux-centres-dappel\/","title":{"rendered":"Tunisie \u2013 Minist\u00e8re de la sant\u00e9\u00a0: La curieuse id\u00e9e de recourir aux centres d\u2019appel"},"content":{"rendered":"<div class=\"post-cont-in left relative\">\n<div id=\"post-info-wrap\" class=\"left relative post-info-out\">\n<div class=\"post-info-img left relative\"><img loading=\"lazy\" decoding=\"async\" alt=\"\" src=\"https:\/\/secure.gravatar.com\/avatar\/96253f4a657b482a18e837c1252096c2?s=50&amp;d=mm&amp;r=g\" srcset=\"https:\/\/secure.gravatar.com\/avatar\/96253f4a657b482a18e837c1252096c2?s=100&amp;d=mm&amp;r=g 2x\" class=\"avatar avatar-50 photo\" height=\"50\" width=\"50\"\/><\/div>\n<div class=\"post-info-in\">\n<div class=\"post-info-right left relative post-info-name left relative\"><span itemprop=\"author\" itemscope=\"\" itemtype=\"https:\/\/schema.org\/Person\"><span class=\"post-info-text\">Par<\/span> <span class=\"author-name vcard fn author\" itemprop=\"name\"><a href=\"https:\/\/www.tunisienumerique.com\/author\/saber\/\" title=\"Articles par Saber .\" rel=\"author\">Saber .<\/a><\/span><\/span> <span class=\"post-date updated\"><time class=\"post-date updated\" itemprop=\"datePublished\" datetime=\"2020-10-12\">\u00a0| Il y a 2 minutes<\/time><\/span><\/div>\n<div class=\"left relative\"><button id=\"listenButton1\" class=\"responsivevoice-button\" type=\"button\" value=\"Play\" title=\"&#xC9;coutez l'article\"><span>\ud83d\udd0a \u00c9coutez l&rsquo;article<\/span><\/button> <\/div>\n<\/div>\n<\/div>\n<p>Le ministre de la sant\u00e9 a annonc\u00e9, ce lundi, que le num\u00e9ro d\u2019appel du SAMU, le 190, connait une \u00e9norme pression, \u00e0 cause du nombre important d\u2019appels qu\u2019il re\u00e7oit de fa\u00e7on quotidienne.<\/p>\n<div class=\"code-block code-block-1 c4\"><ins class=\"adsbygoogle c3\" data-ad-layout=\"in-article\" data-ad-format=\"fluid\" data-ad-client=\"ca-pub-2102118777505746\" data-ad-slot=\"7301775417\"\/> <\/div>\n<p>Il a, donc, eu l\u2019id\u00e9e de recourir \u00e0 des conventions avec des centres d\u2019appel\u00a0!!!<\/p>\n<p>C\u2019est, du moins, ce qu\u2019il a annonc\u00e9 \u00e0 la TAP. Reste \u00e0 savoir, maintenant, ce que peuvent bien dire ces demoiselles et ces messieurs des centres d\u2019appel, pour r\u00e9pondre aux angoisses et aux requ\u00eates des citoyens qui pensaient appeler le SAMU.<\/p>\n<p>A supposer que les personnels de ces centres d\u2019appel vont \u00eatre form\u00e9s pour r\u00e9pondre aux appels en rapport avec le covid\u2026 Et mieux encore, m\u00eame si le minist\u00e8re va r\u00e9ussir \u00e0 affecter \u00e0 ces centres, des stagiaires et des \u00e9tudiants en m\u00e9decine, que vont-ils bien pouvoir r\u00e9pondre aux appelants\u00a0?<\/p>\n<p>Ce que le ministre de la sant\u00e9 n\u2019a pas compris, c\u2019est que ces milliers de gens qui appellent, sans cesse, le 190, ne le font point pour emb\u00eater ses personnels, mais bien parce qu\u2019ils se sentent malades et esp\u00e8rent pouvoir \u00eatre pris en charge. Ce dont ont besoin, ces appelants, ce n\u2019est point d\u2019\u00eatre entendus, ou qu\u2019on leur disserte des discours qu\u2019ils ne connaissent que trop, du genre mettre les masques, utiliser le gel d\u00e9sinfectant ou respecter la distanciation sociale.<\/p>\n<p>Ces gens en d\u00e9tresse veulent \u00eatre pris en charge par les services sanitaires, et il semble que les personnes qui vont \u00eatre affect\u00e9s aux centres d\u2019appel ne seront pas en mesure de d\u00e9cider de la moindre prise en charge, ni d\u2019autoriser le d\u00e9placement d\u2019une \u00e9quipe de secours, et encore moins, de d\u00e9cider d\u2019une hospitalisation.<\/p>\n<p>\u00c7a suffit, donc, de dire n\u2019importe quoi, et d\u2019essayer \u00e0 tout prix, de se d\u00e9rober \u00e0 ses responsabilit\u00e9s et jetant la balle \u00e0 quelqu\u2019un d\u2019autre. Nous sommes, actuellement, \u00e0 un stade o\u00f9, soit on assume ses responsabilit\u00e9s, soit on reconnait qu\u2019on n\u2019est pas capable de le faire\u00a0!<\/p>\n<div class=\"swp_social_panel swp_horizontal_panel swp_flat_fresh swp_default_full_color swp_individual_full_color swp_other_full_color scale-100 scale-\" data-min-width=\"1100\" data-float-color=\"#ffffff\" data-float=\"bottom\" data-float-mobile=\"bottom\" data-transition=\"slide\">\n<div class=\"nc_tweetContainer swp_share_button total_shares total_sharesalt\"><span class=\"swp_count\">1 <span class=\"swp_label\">Partages<\/span><\/span><\/div>\n<\/div>\n<p><strong>Que se passe-t-il en Tunisie?<\/strong><br \/>Nous expliquons sur notre <a href=\"https:\/\/www.youtube.com\/channel\/UCRzypVq0B_yBad5eGrwBx0Q?sub_confirmation=1\" target=\"_blank\" rel=\"noopener noreferrer\">cha\u00eene YouTube<\/a> . <a href=\"https:\/\/www.youtube.com\/channel\/UCRzypVq0B_yBad5eGrwBx0Q?sub_confirmation=1\" target=\"_blank\" rel=\"noopener noreferrer\">Abonnez-vous!<\/a><\/p>\n<div class=\"mvp-org-wrap mvp-org-logo\" itemprop=\"publisher\" itemscope=\"\" itemtype=\"https:\/\/schema.org\/Organization\"><img decoding=\"async\" src=\"https:\/\/www.tunisienumerique.com\/wp-content\/uploads\/2017\/02\/logo_tunisie_numerique.png\"\/><\/div>\n<div class=\"mvp-related-posts left relative\">\n<h4 class=\"post-header\"><span class=\"post-header\">Lire aussi<\/span><\/h4>\n<\/div>\n<div id=\"article-ad\"><ins class=\"adsbygoogle c5\" data-ad-client=\"ca-pub-2102118777505746\" data-ad-slot=\"6513972734\" data-ad-format=\"auto\" data-full-width-responsive=\"true\"\/> <\/div>\n<\/div>\n<div id=\"post-sidebar-wrap\"><ins class=\"adsbygoogle c5\" data-ad-client=\"ca-pub-2102118777505746\" data-ad-slot=\"6168283410\" data-ad-format=\"auto\" data-full-width-responsive=\"true\"\/> <\/div>\n<p>Auteur: Saber .<br \/>\n<a href=\"https:\/\/www.tunisienumerique.com\/tunisie-ministere-de-la-sante-la-curieuse-idee-de-recourir-aux-centres-dappel\/\">Cliquez ici pour lire l&rsquo;article depuis sa source.<\/a><\/p>\n","protected":false},"excerpt":{"rendered":"<p>Par Saber . \u00a0| Il y a 2 minutes \ud83d\udd0a \u00c9coutez l&rsquo;article Le ministre de la sant\u00e9 a annonc\u00e9, ce lundi, que le num\u00e9ro d\u2019appel du SAMU, le 190, connait une \u00e9norme pression, \u00e0 cause du nombre important d\u2019appels qu\u2019il re\u00e7oit de fa\u00e7on quotidienne. Il a, donc, eu l\u2019id\u00e9e de recourir \u00e0 des conventions avec [&hellip;]<\/p>\n","protected":false},"author":1789,"featured_media":0,"comment_status":"closed","ping_status":"closed","sticky":false,"template":"","format":"standard","meta":{"fifu_image_url":"","fifu_image_alt":"","footnotes":""},"categories":[73,55],"tags":[],"class_list":["post-101552","post","type-post","status-publish","format-standard","hentry","category-actualite","category-tunisie"],"_links":{"self":[{"href":"https:\/\/linitiative.ca\/International\/wp-json\/wp\/v2\/posts\/101552","targetHints":{"allow":["GET"]}}],"collection":[{"href":"https:\/\/linitiative.ca\/International\/wp-json\/wp\/v2\/posts"}],"about":[{"href":"https:\/\/linitiative.ca\/International\/wp-json\/wp\/v2\/types\/post"}],"author":[{"embeddable":true,"href":"https:\/\/linitiative.ca\/International\/wp-json\/wp\/v2\/users\/1789"}],"replies":[{"embeddable":true,"href":"https:\/\/linitiative.ca\/International\/wp-json\/wp\/v2\/comments?post=101552"}],"version-history":[{"count":0,"href":"https:\/\/linitiative.ca\/International\/wp-json\/wp\/v2\/posts\/101552\/revisions"}],"wp:attachment":[{"href":"https:\/\/linitiative.ca\/International\/wp-json\/wp\/v2\/media?parent=101552"}],"wp:term":[{"taxonomy":"category","embeddable":true,"href":"https:\/\/linitiative.ca\/International\/wp-json\/wp\/v2\/categories?post=101552"},{"taxonomy":"post_tag","embeddable":true,"href":"https:\/\/linitiative.ca\/International\/wp-json\/wp\/v2\/tags?post=101552"}],"curies":[{"name":"wp","href":"https:\/\/api.w.org\/{rel}","templated":true}]}}