{"id":101559,"date":"2020-10-12T17:27:52","date_gmt":"2020-10-12T21:27:52","guid":{"rendered":"https:\/\/linitiative.ca\/International\/gestion-du-fret-par-le-cbc-les-transporteurs-sopposent\/"},"modified":"2020-10-12T17:27:52","modified_gmt":"2020-10-12T21:27:52","slug":"gestion-du-fret-par-le-cbc-les-transporteurs-sopposent","status":"publish","type":"post","link":"https:\/\/linitiative.ca\/International\/gestion-du-fret-par-le-cbc-les-transporteurs-sopposent\/","title":{"rendered":"Gestion du fret par le CBC: les transporteurs s\u2019opposent"},"content":{"rendered":"<div class=\"td-post-featured-image\"><a href=\"https:\/\/www.sidwaya.info\/wp-content\/uploads\/2020\/10\/cbcsid12.jpg\" data-caption=\"\"><img loading=\"lazy\" decoding=\"async\" width=\"696\" height=\"464\" class=\"entry-thumb td-modal-image\" src=\"https:\/\/www.sidwaya.info\/wp-content\/uploads\/2020\/10\/cbcsid12-696x464.jpg\" srcset=\"https:\/\/www.sidwaya.info\/wp-content\/uploads\/2020\/10\/cbcsid12-696x464.jpg 696w, https:\/\/www.sidwaya.info\/wp-content\/uploads\/2020\/10\/cbcsid12-300x200.jpg 300w, https:\/\/www.sidwaya.info\/wp-content\/uploads\/2020\/10\/cbcsid12-1024x683.jpg 1024w, https:\/\/www.sidwaya.info\/wp-content\/uploads\/2020\/10\/cbcsid12-768x512.jpg 768w, https:\/\/www.sidwaya.info\/wp-content\/uploads\/2020\/10\/cbcsid12-630x420.jpg 630w, https:\/\/www.sidwaya.info\/wp-content\/uploads\/2020\/10\/cbcsid12.jpg 1060w\" sizes=\"auto, (max-width: 696px) 100vw, 696px\" alt=\"\" title=\"cbcsid12\"\/><\/a><\/div>\n<p><strong>La Faiti\u00e8re unique des transporteurs routiers du Burkina (FUTRB) a d\u00e9nonc\u00e9 une mauvaise gestion du secteur par le ministre de tutelle au cours d\u2019une conf\u00e9rence de presse qu\u2019elle a anim\u00e9e, le lundi 12 octobre 2020 \u00e0 Ouagadougou.<\/strong><\/p>\n<p>Le torchon br\u00fble entre le ministre des Transports, de la Mobilit\u00e9 urbaine et de la S\u00e9curit\u00e9 routi\u00e8re, Vincent T. Dabilgou et ses collaborateurs que sont les transporteurs routiers. Ces derniers refusent \u00ab cat\u00e9goriquement \u00bb la gestion du fret par le Conseil burkinab\u00e8 des chargeurs (CBC), comme d\u00e9cid\u00e9 par le r\u00e9cent arr\u00eat\u00e9 minist\u00e9riel \u00e0 la suite d\u2019un d\u00e9cret. En effet, lors d\u2019une conf\u00e9rence de presse, tenue le lundi 12 octobre 2020 \u00e0 Ouagadougou, les transporteurs routiers ont menac\u00e9 d\u2019organiser un mouvement d\u2019humeur si rien n\u2019est fait pour r\u00e9tablir leurs structures associatives, \u00e0 savoir la Faiti\u00e8re unique des transporteurs routiers du Burkina (FUTRB) dans son droit. \u00ab Notre discorde avec le ministre Vincent Dabilgou tient au fait qu\u2019il refuse d\u2019impliquer les acteurs de la FUTRB dans le processus de gestion du fret comme le pr\u00e9voient les textes \u00bb, se sont indign\u00e9s les conf\u00e9renciers. Lors de ce rendez-vous avec les hommes de m\u00e9dias, le bureau national de la FUTRB a critiqu\u00e9 s\u00e9v\u00e8rement le ministre Dabilgou indiquant que celui-ci est anim\u00e9 \u00ab d\u2019attitudes divisionnistes \u00e0 l\u2019\u00e9gard des acteurs du transport \u00bb. Dans la d\u00e9claration liminaire, le secr\u00e9taire g\u00e9n\u00e9ral de la FUTRB, Bonaventure K\u00e9r\u00e9, a indiqu\u00e9 que le climat n\u2019est pas tendre, car, selon lui, leur ministre de tutelle a toujours ram\u00e9 \u00e0 contre-courant des actions et services de la FUTRB. \u00ab Notre ministre n\u2019a eu de cesse d\u2019emp\u00eacher la faiti\u00e8re de fonctionner. C\u2019est ainsi qu\u2019il a, malgr\u00e9 la volont\u00e9 de l\u2019ex\u00e9cutif (le Premier ministre surtout) d\u2019avoir une structure unique, cr\u00e9\u00e9 parall\u00e8lement une association d\u00e9nomm\u00e9e Haut conseil des transporteurs du Burkina Faso \u00bb, a regrett\u00e9 M. K\u00e9r\u00e9. A la question de savoir comment les transporteurs comptent mener la revendication, le pr\u00e9sident national de la FUTRB, Issoufou Ma\u00efga, n\u2019a pas voulu d\u00e9voiler les moyens de pression, pr\u00e9cisant que l\u2019id\u00e9al est de parvenir \u00e0 un consensus, \u00e9tant donn\u00e9 que le dialogue n\u2019est pas rompu avec la tutelle. Toutefois, il a rappel\u00e9 que le domaine du transport est purement priv\u00e9 et ne saurait \u00eatre phagocyt\u00e9 par l\u2019administration publique. \u00ab Ici, ce sont les int\u00e9r\u00eats des commer\u00e7ants qui sont en jeu. Nous sommes plus de 8000 transporteurs avec des ramifications de transit dans sept ports africains. Le CBC n\u2019est pas commer\u00e7ant et ne peut assumer ces charges. Il n\u2019est pas question de c\u00e9der la moindre portion de nos int\u00e9r\u00eats \u00e0 quiconque \u00bb, a martel\u00e9 M. Ma\u00efga. Pour lui, la force est au gouvernement certes, mais le commerce est avant tout lib\u00e9ral. \u00ab Nous voulons juste que l\u2019Etat nous accompagne via des textes et r\u00e8glements qui garantissent le ravitaillement du pays. Mais, cela ne veut pas dire que le gouvernement doit s\u2019ing\u00e9rer dans la gestion ou faire de la r\u00e9cup\u00e9ration \u00bb, a-t-il dit avant d\u2019inviter ses collaborateurs au calme en attendant un d\u00e9nouement heureux de la crise. A la suite de cette sortie m\u00e9diatique, le ministre Vincent Dabilgou entend donner plus de d\u00e9tails sur la question ce jour, mardi 13 octobre 2020 au cours d\u2019un point de presse.<\/p>\n<p>Wanl\u00e9 G\u00e9rard COULIBALY<\/p>\n<div class=\"td-a-rec td-a-rec-id-content_bottom tdi_30_889 td_block_template_1\"><img loading=\"lazy\" decoding=\"async\" class=\"aligncenter size-full wp-image-27454\" src=\"https:\/\/www.sidwaya.info\/wp-content\/uploads\/2020\/10\/PUB-Bandeau-paiement-mobile-siteweb.jpg\" alt=\"\" width=\"728\" height=\"90\"\/><\/div>\n<p>Auteur: BM. Sidwaya<br \/>\n<a href=\"https:\/\/www.sidwaya.info\/blog\/2020\/10\/12\/gestion-du-fret-par-le-cbc-les-transporteurs-sopposent\/\">Cliquez ici pour lire l&rsquo;article depuis sa source.<\/a><\/p>\n","protected":false},"excerpt":{"rendered":"<p>La Faiti\u00e8re unique des transporteurs routiers du Burkina (FUTRB) a d\u00e9nonc\u00e9 une mauvaise gestion du secteur par le ministre de tutelle au cours d\u2019une conf\u00e9rence de presse qu\u2019elle a anim\u00e9e, le lundi 12 octobre 2020 \u00e0 Ouagadougou. Le torchon br\u00fble entre le ministre des Transports, de la Mobilit\u00e9 urbaine et de la S\u00e9curit\u00e9 routi\u00e8re, Vincent [&hellip;]<\/p>\n","protected":false},"author":1816,"featured_media":101560,"comment_status":"closed","ping_status":"closed","sticky":false,"template":"","format":"standard","meta":{"fifu_image_url":"","fifu_image_alt":"","footnotes":""},"categories":[73,81],"tags":[],"class_list":["post-101559","post","type-post","status-publish","format-standard","has-post-thumbnail","hentry","category-actualite","category-burkina-faso"],"_links":{"self":[{"href":"https:\/\/linitiative.ca\/International\/wp-json\/wp\/v2\/posts\/101559","targetHints":{"allow":["GET"]}}],"collection":[{"href":"https:\/\/linitiative.ca\/International\/wp-json\/wp\/v2\/posts"}],"about":[{"href":"https:\/\/linitiative.ca\/International\/wp-json\/wp\/v2\/types\/post"}],"author":[{"embeddable":true,"href":"https:\/\/linitiative.ca\/International\/wp-json\/wp\/v2\/users\/1816"}],"replies":[{"embeddable":true,"href":"https:\/\/linitiative.ca\/International\/wp-json\/wp\/v2\/comments?post=101559"}],"version-history":[{"count":0,"href":"https:\/\/linitiative.ca\/International\/wp-json\/wp\/v2\/posts\/101559\/revisions"}],"wp:featuredmedia":[{"embeddable":true,"href":"https:\/\/linitiative.ca\/International\/wp-json\/"}],"wp:attachment":[{"href":"https:\/\/linitiative.ca\/International\/wp-json\/wp\/v2\/media?parent=101559"}],"wp:term":[{"taxonomy":"category","embeddable":true,"href":"https:\/\/linitiative.ca\/International\/wp-json\/wp\/v2\/categories?post=101559"},{"taxonomy":"post_tag","embeddable":true,"href":"https:\/\/linitiative.ca\/International\/wp-json\/wp\/v2\/tags?post=101559"}],"curies":[{"name":"wp","href":"https:\/\/api.w.org\/{rel}","templated":true}]}}