{"id":101562,"date":"2020-10-12T11:18:03","date_gmt":"2020-10-12T15:18:03","guid":{"rendered":"https:\/\/linitiative.ca\/International\/ramaphosa-appelle-a-une-lutte-concertee-contre-la-criminalite\/"},"modified":"2020-10-12T11:18:03","modified_gmt":"2020-10-12T15:18:03","slug":"ramaphosa-appelle-a-une-lutte-concertee-contre-la-criminalite","status":"publish","type":"post","link":"https:\/\/linitiative.ca\/International\/ramaphosa-appelle-a-une-lutte-concertee-contre-la-criminalite\/","title":{"rendered":"Ramaphosa appelle \u00e0 une lutte concert\u00e9e contre la criminalit\u00e9"},"content":{"rendered":"<div readability=\"32\">\n<p>Publi\u00e9 le 12.10.2020 \u00e0 16h18 par APA News<\/p>\n<\/div>\n<div readability=\"96\">\n<p>Le pr\u00e9sident sud-africain Cyril Ramaphosa, exhortant les Sud-Africains \u00e0 travailler ensemble pour lutter contre la criminalit\u00e9, a condamn\u00e9 lundi les taux actuels de criminalit\u00e9, notamment le meurtre not\u00e9 r\u00e9cemment de fermiers blancs dans les zones rurales recul\u00e9es du pays.Le meurtre r\u00e9cent d\u2019un jeune Blanc directeur de ferme a conduit un groupe de ses coll\u00e8gues \u00e0 organiser une violente manifestation dans un poste de police o\u00f9 le tueur pr\u00e9sum\u00e9 avait \u00e9t\u00e9 emmen\u00e9 pour les besoins de la proc\u00e9dure judiciaire.<\/p>\n<p>\u00a0Alors que la proc\u00e9dure \u00e9tait en cours, des manifestants blancs ont saccag\u00e9 les locaux de la police et br\u00fbl\u00e9 un v\u00e9hicule de police avant de partir.<\/p>\n<p>La police a depuis lors arr\u00eat\u00e9 les manifestants violents sous les ordres du ministre de la police Bheke Cele.<\/p>\n<p>Dans son message hebdomadaire, Ramaphosa a exhort\u00e9 les Sud-Africains \u00e0 travailler ensemble pour \u00e9liminer la criminalit\u00e9 dans le pays. \u00ab Si la col\u00e8re face aux meurtres insens\u00e9s est justifiable, l\u2019attitude des groupes d\u2019autod\u00e9fense ne l\u2019est pas \u00bb, a-t-il d\u00e9clar\u00e9.<\/p>\n<p>\u00a0Il a ajout\u00e9 : \u00ab Le meurtre brutal d\u2019un jeune fermier blanc, pr\u00e9tendument par des Noirs, suivi du spectacle de fermiers blancs prenant d\u2019assaut un poste de police pour saisir un suspect noir, a ouvert des blessures qui remontent \u00e0 plusieurs g\u00e9n\u00e9rations.<\/p>\n<p>\u00a0\u00ab Si le pays veut r\u00e9ussir \u00e0 lutter contre les crimes violents, en particulier dans les communaut\u00e9s rurales, la soci\u00e9t\u00e9 doit \u00ab affronter ce traumatisme et remettre en question les attitudes raciales qui emp\u00eachent une r\u00e9ponse unifi\u00e9e \u00bb.<\/p>\n<p>\u00ab Ceux qui pensent que les attaques en milieu rural n\u2019affectent qu\u2019une petite partie de notre population ont tort. La communaut\u00e9 agricole fait partie int\u00e9grante de notre \u00e9conomie.<\/p>\n<p>\u00ab La communaut\u00e9 agricole produit la nourriture que nous mangeons. Les crimes violents dans les fermes ne constituent pas seulement une menace pour la s\u00e9curit\u00e9 de nos communaut\u00e9s rurales, mais pour la s\u00e9curit\u00e9 alimentaire de notre pays \u00bb, a-t-il d\u00e9clar\u00e9.<\/p>\n<p>\u00a0Ramaphosa a rejet\u00e9 les affirmations selon lesquelles les crimes violents dans les fermes faisaient partie d\u2019une campagne orchestr\u00e9e par des Sud-africains noirs pour chasser les agriculteurs blancs de la terre, affirmant que cela n\u2019\u00e9tait tout simplement pas confirm\u00e9 par les faits.<\/p>\n<p>\u00a0Il a ajout\u00e9 que de nombreuses \u00e9tudes avaient montr\u00e9 que la criminalit\u00e9 dans les communaut\u00e9s agricoles \u00e9tait en grande partie opportuniste en raison de leur situation isol\u00e9e, ce qui entra\u00eenait un manque relatif d\u2019acc\u00e8s \u00e0 la s\u00e9curit\u00e9 et \u00e0 d\u2019autres services.<\/p>\n<p>\u00ab Contrairement aux affirmations irresponsables de certains groupes de pression, les meurtres dans les fermes ne constituent pas un nettoyage ethnique. Ils ne sont pas g\u00e9nocidaires. Ce sont des actes de criminalit\u00e9 et doivent \u00eatre trait\u00e9s comme tels.<\/p>\n<p>\u00ab Le succ\u00e8s de notre strat\u00e9gie de s\u00e9curit\u00e9 rurale repose sur une meilleure coordination et une meilleure communication entre les services de police sud-africains, les entreprises, les organisations agricoles et les communaut\u00e9s \u00bb, a conclu le pr\u00e9sident.<\/p>\n<\/div>\n<p>Auteur: APA News<br \/>\n<a href=\"https:\/\/www.journalducameroun.com\/ramaphosa-appelle-a-une-lutte-concertee-contre-la-criminalite\/\">Cliquez ici pour lire l&rsquo;article depuis sa source.<\/a><\/p>\n","protected":false},"excerpt":{"rendered":"<p>Publi\u00e9 le 12.10.2020 \u00e0 16h18 par APA News Le pr\u00e9sident sud-africain Cyril Ramaphosa, exhortant les Sud-Africains \u00e0 travailler ensemble pour lutter contre la criminalit\u00e9, a condamn\u00e9 lundi les taux actuels de criminalit\u00e9, notamment le meurtre not\u00e9 r\u00e9cemment de fermiers blancs dans les zones rurales recul\u00e9es du pays.Le meurtre r\u00e9cent d\u2019un jeune Blanc directeur de ferme [&hellip;]<\/p>\n","protected":false},"author":1965,"featured_media":0,"comment_status":"closed","ping_status":"closed","sticky":false,"template":"","format":"standard","meta":{"fifu_image_url":"","fifu_image_alt":"","footnotes":""},"categories":[73,82],"tags":[],"class_list":["post-101562","post","type-post","status-publish","format-standard","hentry","category-actualite","category-cameroun"],"_links":{"self":[{"href":"https:\/\/linitiative.ca\/International\/wp-json\/wp\/v2\/posts\/101562","targetHints":{"allow":["GET"]}}],"collection":[{"href":"https:\/\/linitiative.ca\/International\/wp-json\/wp\/v2\/posts"}],"about":[{"href":"https:\/\/linitiative.ca\/International\/wp-json\/wp\/v2\/types\/post"}],"author":[{"embeddable":true,"href":"https:\/\/linitiative.ca\/International\/wp-json\/wp\/v2\/users\/1965"}],"replies":[{"embeddable":true,"href":"https:\/\/linitiative.ca\/International\/wp-json\/wp\/v2\/comments?post=101562"}],"version-history":[{"count":0,"href":"https:\/\/linitiative.ca\/International\/wp-json\/wp\/v2\/posts\/101562\/revisions"}],"wp:attachment":[{"href":"https:\/\/linitiative.ca\/International\/wp-json\/wp\/v2\/media?parent=101562"}],"wp:term":[{"taxonomy":"category","embeddable":true,"href":"https:\/\/linitiative.ca\/International\/wp-json\/wp\/v2\/categories?post=101562"},{"taxonomy":"post_tag","embeddable":true,"href":"https:\/\/linitiative.ca\/International\/wp-json\/wp\/v2\/tags?post=101562"}],"curies":[{"name":"wp","href":"https:\/\/api.w.org\/{rel}","templated":true}]}}