{"id":101565,"date":"2020-10-12T13:18:02","date_gmt":"2020-10-12T17:18:02","guid":{"rendered":"https:\/\/linitiative.ca\/International\/la-gambie-rouvre-ses-ecoles-mercredi\/"},"modified":"2020-10-12T13:18:02","modified_gmt":"2020-10-12T17:18:02","slug":"la-gambie-rouvre-ses-ecoles-mercredi","status":"publish","type":"post","link":"https:\/\/linitiative.ca\/International\/la-gambie-rouvre-ses-ecoles-mercredi\/","title":{"rendered":"La Gambie rouvre ses \u00e9coles mercredi"},"content":{"rendered":"<div readability=\"32\">\n<p>Publi\u00e9 le 12.10.2020 \u00e0 18h18 par APA News<\/p>\n<\/div>\n<div readability=\"74\">\n<p>Les \u00e9l\u00e8ves gambiens devraient reprendre le chemin de l\u2019\u00e9cole cette semaine, sept mois apr\u00e8s qu\u2019une \u00e9pid\u00e9mie de coronavirus a oblig\u00e9 le gouvernement \u00e0 fermer tous les \u00e9tablissements d\u2019enseignement \u00e0 travers le pays.Un communiqu\u00e9 paru sur la page Facebook du minist\u00e8re de l\u2019Enseignement de base et du Secondaire ce week-end a confirm\u00e9 que les pr\u00e9paratifs allaient bon train avant la reprise des cours pour des milliers d\u2019\u00e9l\u00e8ves et d\u2019\u00e9tudiants.<\/p>\n<p>Selon la ministre de l\u2019\u00c9ducation de base et du Secondaire, Claudiana Cole, l\u2019\u00e9cole reprendra pour les \u00e9l\u00e8ves de la 7\u00e8me \u00e0 la 12\u00e8me ann\u00e9e le 14 octobre 2020, tandis que la rentr\u00e9e pour les \u00e9coles maternelles \u00e0 la 6\u00e8me ann\u00e9e est pr\u00e9vue pour le 28 octobre 2020.<\/p>\n<p>Mme Cole a soulign\u00e9 que toutes les \u00e9coles seraient appel\u00e9es \u00e0 observer des r\u00e9glementations strictes en mati\u00e8re de s\u00e9curit\u00e9 sanitaire contre la Covid-19, telles que le lavage r\u00e9gulier des mains et le respect de la distanciation physique, entre autres.<\/p>\n<p>Elle a d\u00e9clar\u00e9 qu\u2019\u00e0 cette fin, le minist\u00e8re re\u00e7oit le soutien d\u2019individus, de philanthropes, d\u2019entreprises, d\u2019associations et de partenaires, dont le dernier est venu de la Gambia Food and Nutrition Association (GAFNA).<\/p>\n<p>L\u2019association a fait don de 120 seaux de lavage des mains et de d\u00e9tergents assortis, accompagn\u00e9s d\u2019un exercice de fumigation pr\u00e9vu dans six lyc\u00e9es avant la r\u00e9ouverture.<\/p>\n<p>\u00ab\u00a0Ces activit\u00e9s s\u2019inscrivent dans le cadre du soutien du HCR au secteur de l\u2019\u00e9ducation \u00e0 travers son projet intitul\u00e9 Faciliter les \u00e9coles secondaires sup\u00e9rieures dans les communaut\u00e9s rurales d\u2019accueil\u00a0\u00bb, a d\u00e9clar\u00e9 le minist\u00e8re.<\/p>\n<p>La Gambie compte actuellement 3.632 cas, dont au moins 177 morts du virus depuis sa premi\u00e8re apparition dans le pays en mars dernier.<\/p>\n<p>Le mois d\u2019ao\u00fbt a \u00e9t\u00e9 la p\u00e9riode de pointe de l\u2019infection avant que la courbe ne commence \u00e0 s\u2019aplatir \u00e0 la mi-septembre.<\/p>\n<\/div>\n<p>Auteur: APA News<br \/>\n<a href=\"https:\/\/www.journalducameroun.com\/la-gambie-rouvre-ses-ecoles-mercredi\/\">Cliquez ici pour lire l&rsquo;article depuis sa source.<\/a><\/p>\n","protected":false},"excerpt":{"rendered":"<p>Publi\u00e9 le 12.10.2020 \u00e0 18h18 par APA News Les \u00e9l\u00e8ves gambiens devraient reprendre le chemin de l\u2019\u00e9cole cette semaine, sept mois apr\u00e8s qu\u2019une \u00e9pid\u00e9mie de coronavirus a oblig\u00e9 le gouvernement \u00e0 fermer tous les \u00e9tablissements d\u2019enseignement \u00e0 travers le pays.Un communiqu\u00e9 paru sur la page Facebook du minist\u00e8re de l\u2019Enseignement de base et du Secondaire [&hellip;]<\/p>\n","protected":false},"author":1965,"featured_media":0,"comment_status":"closed","ping_status":"closed","sticky":false,"template":"","format":"standard","meta":{"fifu_image_url":"","fifu_image_alt":"","footnotes":""},"categories":[73,82],"tags":[],"class_list":["post-101565","post","type-post","status-publish","format-standard","hentry","category-actualite","category-cameroun"],"_links":{"self":[{"href":"https:\/\/linitiative.ca\/International\/wp-json\/wp\/v2\/posts\/101565","targetHints":{"allow":["GET"]}}],"collection":[{"href":"https:\/\/linitiative.ca\/International\/wp-json\/wp\/v2\/posts"}],"about":[{"href":"https:\/\/linitiative.ca\/International\/wp-json\/wp\/v2\/types\/post"}],"author":[{"embeddable":true,"href":"https:\/\/linitiative.ca\/International\/wp-json\/wp\/v2\/users\/1965"}],"replies":[{"embeddable":true,"href":"https:\/\/linitiative.ca\/International\/wp-json\/wp\/v2\/comments?post=101565"}],"version-history":[{"count":0,"href":"https:\/\/linitiative.ca\/International\/wp-json\/wp\/v2\/posts\/101565\/revisions"}],"wp:attachment":[{"href":"https:\/\/linitiative.ca\/International\/wp-json\/wp\/v2\/media?parent=101565"}],"wp:term":[{"taxonomy":"category","embeddable":true,"href":"https:\/\/linitiative.ca\/International\/wp-json\/wp\/v2\/categories?post=101565"},{"taxonomy":"post_tag","embeddable":true,"href":"https:\/\/linitiative.ca\/International\/wp-json\/wp\/v2\/tags?post=101565"}],"curies":[{"name":"wp","href":"https:\/\/api.w.org\/{rel}","templated":true}]}}