{"id":101566,"date":"2020-10-12T15:18:03","date_gmt":"2020-10-12T19:18:03","guid":{"rendered":"https:\/\/linitiative.ca\/International\/la-strategie-de-transition-des-entreprises-de-linformel-vers-leconomie-formelle-au-coeur-dune-rencontre-a-abidjan\/"},"modified":"2020-10-12T15:18:03","modified_gmt":"2020-10-12T19:18:03","slug":"la-strategie-de-transition-des-entreprises-de-linformel-vers-leconomie-formelle-au-coeur-dune-rencontre-a-abidjan","status":"publish","type":"post","link":"https:\/\/linitiative.ca\/International\/la-strategie-de-transition-des-entreprises-de-linformel-vers-leconomie-formelle-au-coeur-dune-rencontre-a-abidjan\/","title":{"rendered":"La strat\u00e9gie de transition des entreprises de l\u2019informel vers l\u2019\u00e9conomie formelle au c\u0153ur d\u2019une rencontre \u00e0 Abidjan"},"content":{"rendered":"<div readability=\"32\">\n<p>Publi\u00e9 le 12.10.2020 \u00e0 20h18 par APA News<\/p>\n<\/div>\n<div readability=\"84\">\n<p>Un s\u00e9minaire de diss\u00e9mination de l\u2019\u00e9tude portant strat\u00e9gie d\u2019encadrement des entreprises ivoiriennes pour favoriser leur transition de l\u2019\u00e9conomie informelle vers l\u2019\u00e9conomie formelle s\u2019est tenu \u00e0 Abidjan dans le cadre du Comit\u00e9 de concertation Etat-Secteur priv\u00e9 ( CCESP).Selon une note d\u2019information transmise lundi \u00e0 APA, \u00a0les principaux enjeux de la transition de l\u2019\u00e9conomie informelle vers l\u2019\u00e9conomie formelle restent multidimensionnels et ont des r\u00e9percussions aussi bien \u00e9conomiques que sociales.<\/p>\n<p>\u00ab La transition de l\u2019\u00e9conomie informelle vers l\u2019\u00e9conomie formelle aboutira assur\u00e9ment au respect des droits sociaux des travailleurs et \u00a0\u00e0 la cr\u00e9ation d\u2019emplois d\u00e9cents et ce, dans une optique de la r\u00e9duction de la pauvret\u00e9 en accord avec les objectifs du d\u00e9veloppement durable \u00bb, a soutenu Vassogbo Bamba, le directeur de cabinet adjoint du ministre ivoirien de l\u2019Economie et des finances qui a ouvert ses assises.<\/p>\n<p>Pour lui, \u00ab le principal challenge est de soutenir gr\u00e2ce \u00e0 l\u2019acc\u00e9l\u00e9ration de la formalisation du secteur informel l\u2019ambition du gouvernement de parvenir \u00e0 la transformation structurelle de l\u2019\u00e9conomie \u00bb.<\/p>\n<p>Dans la foul\u00e9e, il a fait remarquer que \u00a0la question de l\u2019informel constitue une probl\u00e9matique structurelle forte dans le monde entier et plus pr\u00e9cis\u00e9ment en Afrique subsaharienne o\u00f9 son apport dans le PIB se situe entre 25 et 65%.<\/p>\n<p>\u00a0\u00ab Cette rencontre vise \u00e0 restituer aux acteurs et aux partenaires du dialogue public priv\u00e9 ivoirien, le rapport en vue d\u2019\u00e9changer et d\u00e9finir conjointement des orientations strat\u00e9giques ainsi que les modalit\u00e9s de leur mise en \u0153uvre en synergie\u00bb, a indiqu\u00e9 \u00e0 son tour M. Georges Copr\u00e9 qui s\u2019exprimait au nom de Mariam Fadiga-Fofana, la secr\u00e9taire ex\u00e9cutive du CCESP.<\/p>\n<p>Poursuivant, le repr\u00e9sentant de Mme Fadiga s\u2019est appesanti sur l\u2019impact de l\u2019\u00e9conomie informelle portant entre autres sur la protection sociale et le respect des droits fondamentaux des travailleurs, la capacit\u00e9 de l\u2019Etat \u00e0 pouvoir mobiliser de fa\u00e7on efficiente les ressources int\u00e9rieures ainsi que \u00a0l\u2019in\u00e9gale r\u00e9partition de la charge fiscale qui est fortement ressentie par les entreprises formelles.\u00a0<\/p>\n<p>Ce s\u00e9minaire s\u2019est d\u00e9roul\u00e9 en deux sessions. La premi\u00e8re a port\u00e9 sur la probl\u00e9matique du secteur informel et les d\u00e9fis \u00e0 relever pour la transition vers la formalisation. La seconde session a port\u00e9 sur les orientations strat\u00e9giques de la strat\u00e9gie \u00e0 travers les principaux axes, les r\u00f4les des parties prenantes ainsi que le m\u00e9canisme et les moyens de mise en \u0153uvre.<\/p>\n<p>\u00a0Un chronogramme indicatif a \u00e9t\u00e9 propos\u00e9. Il fixe la date butoir de la finalisation du rapport au 15 d\u00e9cembre 2020. La communication en Conseil des ministres est pr\u00e9vue pour le 30 mars 2021 au plus tard.<\/p>\n<p>La derni\u00e8re phase, \u00e0 savoir l\u2019\u00e9laboration du plan d\u2019action op\u00e9rationnel 2021 et sa mise en \u0153uvre est pr\u00e9vue pour le 30 avril 2021, conclut la note.<\/p>\n<\/div>\n<p>Auteur: APA News<br \/>\n<a href=\"https:\/\/www.journalducameroun.com\/la-strategie-de-transition-des-entreprises-de-linformel-vers-leconomie-formelle-au-coeur-dune-rencontre-a-abidjan\/\">Cliquez ici pour lire l&rsquo;article depuis sa source.<\/a><\/p>\n","protected":false},"excerpt":{"rendered":"<p>Publi\u00e9 le 12.10.2020 \u00e0 20h18 par APA News Un s\u00e9minaire de diss\u00e9mination de l\u2019\u00e9tude portant strat\u00e9gie d\u2019encadrement des entreprises ivoiriennes pour favoriser leur transition de l\u2019\u00e9conomie informelle vers l\u2019\u00e9conomie formelle s\u2019est tenu \u00e0 Abidjan dans le cadre du Comit\u00e9 de concertation Etat-Secteur priv\u00e9 ( CCESP).Selon une note d\u2019information transmise lundi \u00e0 APA, \u00a0les principaux enjeux [&hellip;]<\/p>\n","protected":false},"author":1965,"featured_media":0,"comment_status":"closed","ping_status":"closed","sticky":false,"template":"","format":"standard","meta":{"fifu_image_url":"","fifu_image_alt":"","footnotes":""},"categories":[73,82],"tags":[],"class_list":["post-101566","post","type-post","status-publish","format-standard","hentry","category-actualite","category-cameroun"],"_links":{"self":[{"href":"https:\/\/linitiative.ca\/International\/wp-json\/wp\/v2\/posts\/101566","targetHints":{"allow":["GET"]}}],"collection":[{"href":"https:\/\/linitiative.ca\/International\/wp-json\/wp\/v2\/posts"}],"about":[{"href":"https:\/\/linitiative.ca\/International\/wp-json\/wp\/v2\/types\/post"}],"author":[{"embeddable":true,"href":"https:\/\/linitiative.ca\/International\/wp-json\/wp\/v2\/users\/1965"}],"replies":[{"embeddable":true,"href":"https:\/\/linitiative.ca\/International\/wp-json\/wp\/v2\/comments?post=101566"}],"version-history":[{"count":0,"href":"https:\/\/linitiative.ca\/International\/wp-json\/wp\/v2\/posts\/101566\/revisions"}],"wp:attachment":[{"href":"https:\/\/linitiative.ca\/International\/wp-json\/wp\/v2\/media?parent=101566"}],"wp:term":[{"taxonomy":"category","embeddable":true,"href":"https:\/\/linitiative.ca\/International\/wp-json\/wp\/v2\/categories?post=101566"},{"taxonomy":"post_tag","embeddable":true,"href":"https:\/\/linitiative.ca\/International\/wp-json\/wp\/v2\/tags?post=101566"}],"curies":[{"name":"wp","href":"https:\/\/api.w.org\/{rel}","templated":true}]}}