{"id":101567,"date":"2020-10-12T15:18:05","date_gmt":"2020-10-12T19:18:05","guid":{"rendered":"https:\/\/linitiative.ca\/International\/cote-divoire-lancement-du-recouvrement-par-voie-electronique-des-recettes-des-collectivites-territoriales\/"},"modified":"2020-10-12T15:18:05","modified_gmt":"2020-10-12T19:18:05","slug":"cote-divoire-lancement-du-recouvrement-par-voie-electronique-des-recettes-des-collectivites-territoriales","status":"publish","type":"post","link":"https:\/\/linitiative.ca\/International\/cote-divoire-lancement-du-recouvrement-par-voie-electronique-des-recettes-des-collectivites-territoriales\/","title":{"rendered":"C\u00f4te d\u2019Ivoire: lancement du recouvrement par voie \u00e9lectronique des recettes des collectivit\u00e9s territoriales"},"content":{"rendered":"<div readability=\"32\">\n<p>Publi\u00e9 le 12.10.2020 \u00e0 20h18 par APA News<\/p>\n<\/div>\n<div readability=\"84\">\n<p>Un outil de recouvrement par voie \u00e9lectronique des recettes des collectivit\u00e9s territoriales ivoiriennes, un dispositif qui permettra d\u2019am\u00e9liorer le niveau des recettes de ces institutions d\u00e9nomm\u00e9 \u00ab Net Collect Services\u00bb, a \u00e9t\u00e9 lanc\u00e9 lundi \u00e0 Abidjan lors d\u2019un s\u00e9minaire.Selon Vassogbo Bamba, le directeur de cabinet adjoint du ministre ivoirien de l\u2019Economie et des finances, cet outil permettra d\u2019am\u00e9liorer le niveau des recettes des collectivit\u00e9s territoriales afin de r\u00e9duire leur d\u00e9pendance vis-\u00e0-vis de l\u2019\u00c9tat.<\/p>\n<p>\u00ab Ce dispositif inclut une base de donn\u00e9es fiables des contribuables, un suivi en temps r\u00e9el de toutes les op\u00e9rations de collecte sur le terrain et une g\u00e9n\u00e9ration de toutes les donn\u00e9es statistiques relatives au recouvrement\u00bb, a expliqu\u00e9 M. Bamba ajoutant que ce projet viendra insuffler une nouvelle dynamique au processus de recouvrement des recettes propres aux collectivit\u00e9s territoriales.<\/p>\n<p>Poursuivant, il a soutenu que ce dispositif \u00e9lectronique \u00ab est un pr\u00e9cieux instrument de recouvrement du niveau de recouvrement des recettes \u00bb.<\/p>\n<p>M. Bamba a rappel\u00e9 qu\u2019au 31 d\u00e9cembre 2019, la proportion des ressources propres dans les recettes des collectivit\u00e9s territoriales s\u2019\u00e9levait \u00e0 11,37% contre 61,77% repr\u00e9sentant les apports de l\u2019\u00c9tat.<\/p>\n<p>\u00ab La participation effective \u00e0 ces assises des diff\u00e9rents acteurs concern\u00e9s, intervenant dans le \u00a0processus de recouvrement des recettes locales devrait nous permettre d\u2019\u0153uvrer en synergie, afin de r\u00e9pondre efficacement \u00e0 la probl\u00e9matique de la mobilisation des ressources propres des entit\u00e9s d\u00e9centralis\u00e9es et relever ainsi , le d\u00e9fi du d\u00e9veloppement local\u00bb, a soulign\u00e9 le directeur g\u00e9n\u00e9ral du Tr\u00e9sor et de la comptabilit\u00e9 publique, Jacques Konan Assahor\u00e9.<\/p>\n<p>Pour trouver des solutions \u00e0 la probl\u00e9matique de la gestion financi\u00e8re des collectivit\u00e9s territoriales, le Tr\u00e9sor public ivoirien et la direction g\u00e9n\u00e9rale de la d\u00e9centralisation et du d\u00e9veloppement local, ont mis en place un dispositif de recouvrement \u00e9lectronique des recettes propres des collectivit\u00e9s territoriales pour relever le niveau de l\u2019\u00e9conomie financi\u00e8re de ces entit\u00e9s.<\/p>\n<p>\u00a0Ce s\u00e9minaire vise ainsi \u00a0\u00e0 informer et sensibiliser les \u00e9lus locaux sur les modalit\u00e9s de recouvrement, par voie \u00e9lectronique, des recettes des collectivit\u00e9s territoriales.<\/p>\n<p>Au terme des travaux, les participants ont formul\u00e9 six r\u00e9solutions dont \u00a0l\u2019\u00e9laboration de projets d\u2019instructions comptables sp\u00e9cifiques encadrant le processus de recouvrement par voie \u00e9lectronique des ressources propres des collectivit\u00e9s territoriales et des districts. \u00a0<\/p>\n<\/div>\n<p>Auteur: APA News<br \/>\n<a href=\"https:\/\/www.journalducameroun.com\/cote-divoire-lancement-du-recouvrement-par-voie-electronique-des-recettes-des-collectivites-territoriales\/\">Cliquez ici pour lire l&rsquo;article depuis sa source.<\/a><\/p>\n","protected":false},"excerpt":{"rendered":"<p>Publi\u00e9 le 12.10.2020 \u00e0 20h18 par APA News Un outil de recouvrement par voie \u00e9lectronique des recettes des collectivit\u00e9s territoriales ivoiriennes, un dispositif qui permettra d\u2019am\u00e9liorer le niveau des recettes de ces institutions d\u00e9nomm\u00e9 \u00ab Net Collect Services\u00bb, a \u00e9t\u00e9 lanc\u00e9 lundi \u00e0 Abidjan lors d\u2019un s\u00e9minaire.Selon Vassogbo Bamba, le directeur de cabinet adjoint du [&hellip;]<\/p>\n","protected":false},"author":1965,"featured_media":0,"comment_status":"closed","ping_status":"closed","sticky":false,"template":"","format":"standard","meta":{"fifu_image_url":"","fifu_image_alt":"","footnotes":""},"categories":[73,82],"tags":[],"class_list":["post-101567","post","type-post","status-publish","format-standard","hentry","category-actualite","category-cameroun"],"_links":{"self":[{"href":"https:\/\/linitiative.ca\/International\/wp-json\/wp\/v2\/posts\/101567","targetHints":{"allow":["GET"]}}],"collection":[{"href":"https:\/\/linitiative.ca\/International\/wp-json\/wp\/v2\/posts"}],"about":[{"href":"https:\/\/linitiative.ca\/International\/wp-json\/wp\/v2\/types\/post"}],"author":[{"embeddable":true,"href":"https:\/\/linitiative.ca\/International\/wp-json\/wp\/v2\/users\/1965"}],"replies":[{"embeddable":true,"href":"https:\/\/linitiative.ca\/International\/wp-json\/wp\/v2\/comments?post=101567"}],"version-history":[{"count":0,"href":"https:\/\/linitiative.ca\/International\/wp-json\/wp\/v2\/posts\/101567\/revisions"}],"wp:attachment":[{"href":"https:\/\/linitiative.ca\/International\/wp-json\/wp\/v2\/media?parent=101567"}],"wp:term":[{"taxonomy":"category","embeddable":true,"href":"https:\/\/linitiative.ca\/International\/wp-json\/wp\/v2\/categories?post=101567"},{"taxonomy":"post_tag","embeddable":true,"href":"https:\/\/linitiative.ca\/International\/wp-json\/wp\/v2\/tags?post=101567"}],"curies":[{"name":"wp","href":"https:\/\/api.w.org\/{rel}","templated":true}]}}