{"id":101569,"date":"2020-10-12T14:37:49","date_gmt":"2020-10-12T18:37:49","guid":{"rendered":"https:\/\/linitiative.ca\/International\/lunion-europeenne-offre-328-millions-au-cameroun-suite-aux-inondations\/"},"modified":"2020-10-12T14:37:49","modified_gmt":"2020-10-12T18:37:49","slug":"lunion-europeenne-offre-328-millions-au-cameroun-suite-aux-inondations","status":"publish","type":"post","link":"https:\/\/linitiative.ca\/International\/lunion-europeenne-offre-328-millions-au-cameroun-suite-aux-inondations\/","title":{"rendered":"L\u2019Union europ\u00e9enne offre 328 millions au Cameroun suite aux inondations"},"content":{"rendered":"<p>Le jeudi 8 octobre, la Commission europ\u00e9enne a rendu public un communiqu\u00e9 dans lequel, elle fait savoir que \u00ab\u00a0<em>l\u2019UE a mobilis\u00e9 1,5 milliards XAF suppl\u00e9mentaires pour porter assistance \u00e0 cinq pays d\u2019Afrique centrale et de l\u2019ouest actuellement frapp\u00e9s par des pluies torrentielles et des inondations d\u00e9vastatrices<\/em>\u00a0\u00bb peut-on lire. L\u2019appui financier en question, reparti entre 5 pays \u00ab\u00a0<em>aidera les partenaires humanitaires de l\u2019UE \u00e0 porter assistance aux populations sinistr\u00e9es les plus vuln\u00e9rables au <strong>Burkina Faso<\/strong> (XAF 164 millions), au <strong>Cameroun<\/strong> (XAF 328 millions), au <strong>Niger<\/strong> (XAF 657 millions), en <strong>R\u00e9publique centrafricaine<\/strong> (XAF 65 millions), et au <strong>Tchad<\/strong> (XAF 328 millions)<\/em>\u00a0\u00bb, renseigne le communiqu\u00e9.<\/p>\n<p><strong>Lire aussi<\/strong> : <a href=\"https:\/\/ecomatin.net\/les-chantiers-a-venir-apres-les-inondations-a-lextreme-nord\/\">Les chantiers \u00e0 venir apr\u00e8s les inondations\u00a0 l\u2019Extr\u00eame-Nord<\/a><\/p>\n<p>A la commission europ\u00e9enne l\u2019on fait savoir qu\u2019\u00a0\u00ab\u00a0<em>avec ces fonds d\u2019urgence, l\u2019UE renforce le soutien humanitaire aux populations qui ont subi de graves inondations. Les partenaires humanitaires de l\u2019UE pourront ainsi distribuer de l\u2019eau potable, de l\u2019assistance alimentaire, des kits de premi\u00e8res n\u00e9cessit\u00e9s, et fournir des abris et services sanitaires aux populations les plus durement touch\u00e9es par les sinistres<\/em> \u00bb, a indiqu\u00e9 Janez Lenar\u010di\u010d, Commissaire europ\u00e9en \u00e0 la Gestion des crises. \u00a0Au total, plus d\u2019un million de personnes victimes des inondations dans la r\u00e9gion, sont alors concern\u00e9s par cette enveloppe.<\/p>\n<p><strong>Lire aussi<\/strong> : <a href=\"https:\/\/ecomatin.net\/inondations-la-course-contre-la-montre\/\">Inondations\u00a0: la course contre la montre<\/a><\/p>\n<p><strong>Cas sp\u00e9cifique du Cameroun<\/strong><\/p>\n<p>Le pays vit actuellement sa grande saison pluvieuse, qui a d\u00e9but\u00e9 au mois d\u2019ao\u00fbt et s\u2019ach\u00e8ve en principe en octobre. Depuis lors entre effondrement de route par ci, glissement de terrain par l\u2019on en a vu de toutes les couleurs avec les inondations au Cameroun le cas pr\u00e9cis des r\u00e9gions du Littoral et de l\u2019Extr\u00eame-Nord. La nuit du 21 au 22 ao\u00fbt 2020, la capitale \u00e9conomique camerounaise a \u00e9t\u00e9 submerg\u00e9e par les eaux \u00e0 pr\u00e8s de 80%. \u00a0Le projet de drainage pluvial de Douala (PDP), couvrant 6 quartiers \u00e9tal\u00e9s sur 5 arrondissements de la capitale \u00e9conomique, soit 1\u00a0592 hectares, ainsi que les diff\u00e9rents drains qui s\u2019y trouvent n\u2019auront pas suffi \u00e0 retenir ses eaux. Entrainant ainsi la perte des \u00e9quipements \u00e9lectriques, mat\u00e9riels \u00e9lectroniques, mobiliers, documents importants, et autre objets, le secteur informel qui constitue 80% du tissu \u00e9conomique de la ville s\u2019est retrouv\u00e9 quasiment \u00e0 la l\u2019arr\u00eat, plus de 500 familles se sont retrouv\u00e9es submerg\u00e9es par les eaux, de m\u00eame que les entreprises et autres services publics de proximit\u00e9.<\/p>\n<p><strong>Lire aussi<\/strong> : <a href=\"https:\/\/ecomatin.net\/inondations-a-douala-la-facture\/\">Inondations \u00e0 Douala\u00a0: la facture<\/a><\/p>\n<p>La r\u00e9gion de l\u2019Extr\u00eame-Nord quant-\u00e0-elle n\u2019est pas en reste. Les infrastructures de cette r\u00e9gion ont aussi pay\u00e9 le lourd tribut des inondations. Nous avons notamment\u00a0 la destruction du pont Palar, la route de Tchakarmari qui a \u00e9t\u00e9 coup\u00e9e, la destruction des habitats et r\u00e9coltes effectu\u00e9es par les populations et bien d\u2019autres. De ce communiqu\u00e9 l\u2019on apprendra aussi qu\u2019\u00ab\u00a0<em>au total 163,000 personnes ont \u00e9t\u00e9 d\u00e9plac\u00e9es, principalement dans la r\u00e9gion de l\u2019Extr\u00eame-Nord, une zone d\u00e9j\u00e0 instable et difficilement accessible, alors que les pays voisins de la zone (Tchad et Nig\u00e9ria) subissaient les m\u00eames avaries<\/em>\u00a0\u00bb.<\/p>\n<p><strong>Lire aussi<\/strong> : <a href=\"https:\/\/ecomatin.net\/150-millions-de-fcfa-pour-assister-40-000-victimes-des-inondations-dans-lextreme-nord\/\">150 millions de FCFA pour assister 40\u00a0000 victimes des inondations dans l\u2019Extr\u00eame-Nord<\/a><\/p>\n<p>Rappelons que l\u2019Union europ\u00e9enne, avec ses \u00c9tats membres, est le premier donateur d\u2019aide humanitaire au monde. Par l\u2019interm\u00e9diaire du service de protection civile et d\u2019op\u00e9rations d\u2019aide humanitaire de la Commission europ\u00e9enne (ECHO), l\u2019Union europ\u00e9enne aide chaque ann\u00e9e des millions de victimes de conflits et de catastrophes. \u00c0 travers son si\u00e8ge \u00e0 Bruxelles et son r\u00e9seau mondial de bureaux locaux, ECHO fournit une assistance aux personnes les plus vuln\u00e9rables sur la seule base des besoins humanitaires.<\/p>\n<div class=\"awac-wrapper awac widget posts-list-widget-11\">\n<h4 class=\"widget-title\">Le plus r\u00e9cent<\/h4>\n<\/div>\n<p>Auteur: Eco Matin<br \/>\n<a href=\"https:\/\/ecomatin.net\/lunion-europeenne-offre-328-millions-au-cameroun-suite-aux-inondations\/\">Cliquez ici pour lire l&rsquo;article depuis sa source.<\/a><\/p>\n","protected":false},"excerpt":{"rendered":"<p>Le jeudi 8 octobre, la Commission europ\u00e9enne a rendu public un communiqu\u00e9 dans lequel, elle fait savoir que \u00ab\u00a0l\u2019UE a mobilis\u00e9 1,5 milliards XAF suppl\u00e9mentaires pour porter assistance \u00e0 cinq pays d\u2019Afrique centrale et de l\u2019ouest actuellement frapp\u00e9s par des pluies torrentielles et des inondations d\u00e9vastatrices\u00a0\u00bb peut-on lire. L\u2019appui financier en question, reparti entre 5 [&hellip;]<\/p>\n","protected":false},"author":1969,"featured_media":0,"comment_status":"closed","ping_status":"closed","sticky":false,"template":"","format":"standard","meta":{"fifu_image_url":"","fifu_image_alt":"","footnotes":""},"categories":[82,78],"tags":[],"class_list":["post-101569","post","type-post","status-publish","format-standard","hentry","category-cameroun","category-economie"],"_links":{"self":[{"href":"https:\/\/linitiative.ca\/International\/wp-json\/wp\/v2\/posts\/101569","targetHints":{"allow":["GET"]}}],"collection":[{"href":"https:\/\/linitiative.ca\/International\/wp-json\/wp\/v2\/posts"}],"about":[{"href":"https:\/\/linitiative.ca\/International\/wp-json\/wp\/v2\/types\/post"}],"author":[{"embeddable":true,"href":"https:\/\/linitiative.ca\/International\/wp-json\/wp\/v2\/users\/1969"}],"replies":[{"embeddable":true,"href":"https:\/\/linitiative.ca\/International\/wp-json\/wp\/v2\/comments?post=101569"}],"version-history":[{"count":0,"href":"https:\/\/linitiative.ca\/International\/wp-json\/wp\/v2\/posts\/101569\/revisions"}],"wp:attachment":[{"href":"https:\/\/linitiative.ca\/International\/wp-json\/wp\/v2\/media?parent=101569"}],"wp:term":[{"taxonomy":"category","embeddable":true,"href":"https:\/\/linitiative.ca\/International\/wp-json\/wp\/v2\/categories?post=101569"},{"taxonomy":"post_tag","embeddable":true,"href":"https:\/\/linitiative.ca\/International\/wp-json\/wp\/v2\/tags?post=101569"}],"curies":[{"name":"wp","href":"https:\/\/api.w.org\/{rel}","templated":true}]}}