{"id":101575,"date":"2020-10-13T10:44:05","date_gmt":"2020-10-13T14:44:05","guid":{"rendered":"https:\/\/linitiative.ca\/International\/la-priere-du-vendredi-autorisee-dans-les-mosquees-a-partir-du-16-octobre\/"},"modified":"2020-10-13T10:44:05","modified_gmt":"2020-10-13T14:44:05","slug":"la-priere-du-vendredi-autorisee-dans-les-mosquees-a-partir-du-16-octobre","status":"publish","type":"post","link":"https:\/\/linitiative.ca\/International\/la-priere-du-vendredi-autorisee-dans-les-mosquees-a-partir-du-16-octobre\/","title":{"rendered":"La pri\u00e8re du vendredi autoris\u00e9e dans les mosqu\u00e9es \u00e0 partir du 16 octobre"},"content":{"rendered":"<header>\n<\/header>\n<div class=\"entry-content clearfix\" readability=\"46\"><img decoding=\"async\" class=\"post_layout_5_img\" src=\"http:\/\/aujourdhui.ma\/wp-content\/uploads\/2020\/10\/Prie\u0300re-du-vendredi-autorise\u0301e-dans-les-mosque\u0301es.jpg\" alt=\"La pri&#xE8;re du vendredi autoris&#xE9;e dans les mosqu&#xE9;es &#xE0; partir du 16 octobre\"\/><\/p>\n<p><span class=\"c6\"><span class=\"c5\"><strong>Le minist\u00e8re des habous et des affaires islamiques annonce ce mardi 13 octobre dans un communiqu\u00e9 que le nombre des mosqu\u00e9es ouvertes sera port\u00e9 \u00e0 10.000 et la pri\u00e8re du vendredi ainsi que les cinq pri\u00e8res y seront accomplies \u00e0 partir du vendredi 16 octobre 2020.<\/strong><\/span><span id=\"more-357761\"\/><\/span><\/p>\n<p>Le minist\u00e8re a fait savoir qu\u2019il veillera \u00e0 faire r\u00e9ussir cette op\u00e9ration et \u00e0 en assurer le suivi, en coordination avec les autorit\u00e9s comp\u00e9tentes. Les m\u00eames pr\u00e9cautions sanitaires, prises dans les mosqu\u00e9es d\u00e9j\u00e0 ouvertes pour les cinq pri\u00e8res, seront tenues en compte pour la pri\u00e8re du vendredi, pr\u00e9cise le communiqu\u00e9.<\/p>\n<p>L\u2019\u00e9volution de la situation \u00e9pid\u00e9mique aux niveaux national et local sera \u00e9galement prise en consid\u00e9ration.<\/p>\n<\/div>\n<p>Auteur: ALM<br \/>\n<a href=\"https:\/\/aujourdhui.ma\/societe\/la-priere-du-vendredi-autorisee-dans-les-mosquees-a-partir-du-16-octobre\">Cliquez ici pour lire l&rsquo;article depuis sa source.<\/a><\/p>\n","protected":false},"excerpt":{"rendered":"<p>Le minist\u00e8re des habous et des affaires islamiques annonce ce mardi 13 octobre dans un communiqu\u00e9 que le nombre des mosqu\u00e9es ouvertes sera port\u00e9 \u00e0 10.000 et la pri\u00e8re du vendredi ainsi que les cinq pri\u00e8res y seront accomplies \u00e0 partir du vendredi 16 octobre 2020. Le minist\u00e8re a fait savoir qu\u2019il veillera \u00e0 faire [&hellip;]<\/p>\n","protected":false},"author":1759,"featured_media":101576,"comment_status":"closed","ping_status":"closed","sticky":false,"template":"","format":"standard","meta":{"fifu_image_url":"","fifu_image_alt":"","footnotes":""},"categories":[73,54],"tags":[],"class_list":["post-101575","post","type-post","status-publish","format-standard","has-post-thumbnail","hentry","category-actualite","category-maroc"],"_links":{"self":[{"href":"https:\/\/linitiative.ca\/International\/wp-json\/wp\/v2\/posts\/101575","targetHints":{"allow":["GET"]}}],"collection":[{"href":"https:\/\/linitiative.ca\/International\/wp-json\/wp\/v2\/posts"}],"about":[{"href":"https:\/\/linitiative.ca\/International\/wp-json\/wp\/v2\/types\/post"}],"author":[{"embeddable":true,"href":"https:\/\/linitiative.ca\/International\/wp-json\/wp\/v2\/users\/1759"}],"replies":[{"embeddable":true,"href":"https:\/\/linitiative.ca\/International\/wp-json\/wp\/v2\/comments?post=101575"}],"version-history":[{"count":0,"href":"https:\/\/linitiative.ca\/International\/wp-json\/wp\/v2\/posts\/101575\/revisions"}],"wp:featuredmedia":[{"embeddable":true,"href":"https:\/\/linitiative.ca\/International\/wp-json\/"}],"wp:attachment":[{"href":"https:\/\/linitiative.ca\/International\/wp-json\/wp\/v2\/media?parent=101575"}],"wp:term":[{"taxonomy":"category","embeddable":true,"href":"https:\/\/linitiative.ca\/International\/wp-json\/wp\/v2\/categories?post=101575"},{"taxonomy":"post_tag","embeddable":true,"href":"https:\/\/linitiative.ca\/International\/wp-json\/wp\/v2\/tags?post=101575"}],"curies":[{"name":"wp","href":"https:\/\/api.w.org\/{rel}","templated":true}]}}