{"id":101581,"date":"2020-10-13T10:12:29","date_gmt":"2020-10-13T14:12:29","guid":{"rendered":"https:\/\/linitiative.ca\/International\/en-floride-trump-retrouve-les-estrades-de-campagne\/"},"modified":"2020-10-13T10:12:29","modified_gmt":"2020-10-13T14:12:29","slug":"en-floride-trump-retrouve-les-estrades-de-campagne","status":"publish","type":"post","link":"https:\/\/linitiative.ca\/International\/en-floride-trump-retrouve-les-estrades-de-campagne\/","title":{"rendered":"En Floride, Trump retrouve les estrades de campagne"},"content":{"rendered":"<p class=\"has-text-color has-vivid-red-color c2\"><strong>Immobilis\u00e9 par le virus<\/strong><\/p>\n<p class=\"has-text-color c3\"><strong>Priv\u00e9 de d\u00e9placement pendant dix jours par le Covid-19, Donald Trump a retrouv\u00e9 lundi les estrades de campagne en Floride, assurant \u00eatre en \u00abpleine forme\u00bb \u00e0 22 jours de l\u2019\u00e9lection qui l\u2019opposera \u00e0 Joe Biden.<\/strong><\/p>\n<p>\u00abJe l\u2019ai eu. Maintenant, ils disent que je suis immunis\u00e9. Je me sens si puissant!\u00bb, a lanc\u00e9, combatif et provocateur, le pr\u00e9sident am\u00e9ricain de 74 ans devant une foule enthousiaste dans laquelle peu de personnes portaient des masques.<\/p>\n<p>\u00abJe peux marcher dans cette foule (\u2026) embrasser tout le monde, embrasser les hommes et les magnifiques femmes\u00bb, a-t-il ajout\u00e9 dans les rires.<\/p>\n<p>En net retard dans les sondages sur son rival d\u00e9mocrate Joe Biden, le locataire de la Maison Blanche esp\u00e8re le combler dans la derni\u00e8re ligne droite en sillonnant l\u2019Am\u00e9rique.<\/p>\n<p>Affichant une forme ind\u00e9niable, une semaine apr\u00e8s sa sortie de l\u2019h\u00f4pital, il a d\u00e9roul\u00e9, dans un discours d\u2019un peu plus d\u2019une heure, tous les \u00abclassiques\u00bb de sa campagne.<\/p>\n<p>Virulentes attaques contre \u00abHillary (Clinton) la crapule\u00bb, violentes diatribes contre la presse \u00abcorrompue\u00bb, mises en garde alarmistes contre la \u00abgauche radicale\u00bb et \u00able cauchemar socialiste\u00bb.<\/p>\n<p>Saluant la foule venue l\u2019\u00e9couter, il a ironis\u00e9 sur l\u2019ancien vice-pr\u00e9sident d\u00e9mocrate de Barack Obama, qu\u2019il surnomme \u00abSleepy Joe\u00bb, assurant qu\u2019il ne rassemblait \u00abpresque personne\u00bb.<\/p>\n<p>Joe Biden n\u2019a particip\u00e9 \u00e0 aucun grand rassemblement depuis plusieurs mois, soulignant la n\u00e9cessit\u00e9 de respecter les consignes des autorit\u00e9s sanitaires.<\/p>\n<p>\u00abJ\u2019adore la Floride!\u00bb, a lanc\u00e9 Donald Trump dans cet Etat qui pourrait jouer un r\u00f4le crucial au soir du 3 novembre, balayant d\u2019un revers de manche les sondages d\u00e9favorables.<\/p>\n<p>\u00abIl y a quatre ans, c\u2019\u00e9tait pareil, ils disaient que nous allions perdre la Floride\u00bb, a-t-il ironis\u00e9. \u00abDans 22 jours, nous allons gagner cet Etat et gagner quatre ans de plus \u00e0 la Maison Blanche!\u00bb.<\/p>\n<p>Lors de son discours, il a tent\u00e9 de galvaniser sa base \u00e9lectorale en vantant son choix de la juge Amy Coney Barrett pour la Cour supr\u00eame.<\/p>\n<p>Le S\u00e9nat, \u00e0 majorit\u00e9 r\u00e9publicaine, a entam\u00e9 lundi l\u2019audition de cette magistrate de 48 ans dont la confirmation, qui fait peu de doute, ancrera durablement le temple du droit am\u00e9ricain dans le camp conservateur. \u00abElle va \u00eatre une juge fantastique\u00bb, a-t-il pr\u00e9dit.<\/p>\n<p>Lors de son d\u00e9part depuis la base militaire d\u2019Andrews, proche de Washington, le pr\u00e9sident am\u00e9ricain ne portait pas de masque, contrairement \u00e0 tous les agents du Secret Service charg\u00e9s de sa s\u00e9curit\u00e9 qui l\u2019entouraient.<br \/>Peu apr\u00e8s l\u2019envol d\u2019Air Force One, le m\u00e9decin de la Maison Blanche, le Dr Sean Conley, a annonc\u00e9 que Donald Trump avait \u00e9t\u00e9 test\u00e9 n\u00e9gatif au Covid-19 \u00ab\u00a0plusieurs jours de suite\u00a0\u00bb en utilisant un test rapide.<\/p>\n<p>Ce test Abbott, dit antig\u00e9nique, est cependant moins sensible que les tests mol\u00e9culaires traditionnels (PCR).<\/p>\n<p>Si Donald Trump met d\u00e9sormais en avant son \u00abimmunit\u00e9\u00bb face au Covid-19, cette question reste entour\u00e9e de nombreuses inconnues: on ne conna\u00eet avec pr\u00e9cision ni sa dur\u00e9e ni le degr\u00e9 de protection qu\u2019offrent les anticorps.<\/p>\n<p>Selon une \u00e9tude publi\u00e9e mardi dans la revue m\u00e9dicale The Lancet Infectious Diseases, un Am\u00e9ricain a attrap\u00e9 deux fois le Covid-19 \u00e0 un mois et demi d\u2019intervalle et la deuxi\u00e8me infection \u00e9tait plus s\u00e9v\u00e8re que la premi\u00e8re.<\/p>\n<p>Depuis l\u2019annonce, le 1er octobre, du test positif de Donald et Melania Trump, l\u2019\u00e9quipe de campagne de Joe Biden publie tous les jours ses r\u00e9sultats de tests Covid, n\u00e9gatifs jusqu\u2019ici.<\/p>\n<p>Une plus grande opacit\u00e9 entoure le pr\u00e9sident des Etats-Unis, son \u00e9quipe m\u00e9dicale refusant de dire \u00e0 quand remonte son dernier test n\u00e9gatif avant l\u2019annonce de sa contamination.<\/p>\n<p>Cette attitude alimente les soup\u00e7ons sur la possibilit\u00e9 qu\u2019il n\u2019ait pas effectu\u00e9 de test pendant plusieurs jours avant son test positif. Plus de 214.000 personnes sont mortes du Covid-19 aux Etats-Unis.<\/p>\n<p>\u00abPlus Donald Trump est pr\u00e9sident, plus il semble irresponsable\u00bb, a d\u00e9clar\u00e9 Joe Biden, qui accuse son rival d\u2019avoir minimis\u00e9 la menace du virus. \u00abSa conduite personnelle irresponsable depuis son diagnostic a \u00e9t\u00e9 scandaleuse\u00bb.<\/p>\n<p>En Floride, Donald Trump n\u2019apporte rien d\u2019autre qu\u2019une \u00abrh\u00e9torique de division\u00bb et de \u00abpeur\u00bb, a d\u00e9clar\u00e9 le d\u00e9mocrate. \u00abMais ce qu\u2019il a \u00e9chou\u00e9 \u00e0 apporter est tout aussi dangereux: aucun plan pour ma\u00eetriser ce virus qui a \u00f4t\u00e9 la vie \u00e0 plus de 15.000 Floridiens\u00bb, a-t-il affirm\u00e9.<br \/>Le candidat du Parti d\u00e9mocrate, ancien vice-pr\u00e9sident de Barack Obama, compte pr\u00e8s de dix points d\u2019avance dans la moyenne des sondages nationaux et a confort\u00e9 son avantage dans les intentions de vote au niveau des Etats d\u00e9cisifs pour l\u2019\u00e9lection.<\/p>\n<p>Plus de dix millions d\u2019Am\u00e9ricains, un record, ont d\u00e9j\u00e0 vot\u00e9 \u00e0 la pr\u00e9sidentielle du 3 novembre, par courrier ou en vote anticip\u00e9, selon un comptage publi\u00e9 lundi.<\/p>\n<p>Apr\u00e8s la Floride, Donald Trump se rendra mardi en Pennsylvanie, un autre Etat-cl\u00e9, puis dans l\u2019Iowa mercredi. Et devrait poursuivre sur un rythme extr\u00eamement soutenu sur les trois semaines \u00e0 venir.<\/p>\n<p>Auteur: M&rsquo;hammed rahal<br \/>\n<a href=\"http:\/\/albayane.press.ma\/en-floride-trump-retrouve-les-estrades-de-campagne.html\">Cliquez ici pour lire l&rsquo;article depuis sa source.<\/a><\/p>\n","protected":false},"excerpt":{"rendered":"<p>Immobilis\u00e9 par le virus Priv\u00e9 de d\u00e9placement pendant dix jours par le Covid-19, Donald Trump a retrouv\u00e9 lundi les estrades de campagne en Floride, assurant \u00eatre en \u00abpleine forme\u00bb \u00e0 22 jours de l\u2019\u00e9lection qui l\u2019opposera \u00e0 Joe Biden. \u00abJe l\u2019ai eu. Maintenant, ils disent que je suis immunis\u00e9. Je me sens si puissant!\u00bb, a [&hellip;]<\/p>\n","protected":false},"author":1760,"featured_media":0,"comment_status":"closed","ping_status":"closed","sticky":false,"template":"","format":"standard","meta":{"fifu_image_url":"","fifu_image_alt":"","footnotes":""},"categories":[73,54],"tags":[],"class_list":["post-101581","post","type-post","status-publish","format-standard","hentry","category-actualite","category-maroc"],"_links":{"self":[{"href":"https:\/\/linitiative.ca\/International\/wp-json\/wp\/v2\/posts\/101581","targetHints":{"allow":["GET"]}}],"collection":[{"href":"https:\/\/linitiative.ca\/International\/wp-json\/wp\/v2\/posts"}],"about":[{"href":"https:\/\/linitiative.ca\/International\/wp-json\/wp\/v2\/types\/post"}],"author":[{"embeddable":true,"href":"https:\/\/linitiative.ca\/International\/wp-json\/wp\/v2\/users\/1760"}],"replies":[{"embeddable":true,"href":"https:\/\/linitiative.ca\/International\/wp-json\/wp\/v2\/comments?post=101581"}],"version-history":[{"count":0,"href":"https:\/\/linitiative.ca\/International\/wp-json\/wp\/v2\/posts\/101581\/revisions"}],"wp:attachment":[{"href":"https:\/\/linitiative.ca\/International\/wp-json\/wp\/v2\/media?parent=101581"}],"wp:term":[{"taxonomy":"category","embeddable":true,"href":"https:\/\/linitiative.ca\/International\/wp-json\/wp\/v2\/categories?post=101581"},{"taxonomy":"post_tag","embeddable":true,"href":"https:\/\/linitiative.ca\/International\/wp-json\/wp\/v2\/tags?post=101581"}],"curies":[{"name":"wp","href":"https:\/\/api.w.org\/{rel}","templated":true}]}}