{"id":101582,"date":"2020-10-13T10:18:53","date_gmt":"2020-10-13T14:18:53","guid":{"rendered":"https:\/\/linitiative.ca\/International\/%ef%bb%bfaziz-saadallah-adieu-lartiste\/"},"modified":"2020-10-13T10:18:53","modified_gmt":"2020-10-13T14:18:53","slug":"%ef%bb%bfaziz-saadallah-adieu-lartiste","status":"publish","type":"post","link":"https:\/\/linitiative.ca\/International\/%ef%bb%bfaziz-saadallah-adieu-lartiste\/","title":{"rendered":"\ufeffAziz Saadallah: adieu l\u2019artiste !"},"content":{"rendered":"<p class=\"has-text-color has-vivid-red-color c2\"><strong>Une autre feuille tombe de notre m\u00e9moire artistique<\/strong><\/p>\n<p class=\"c3\"><strong>Mohamed Nait Youssef<\/strong><\/p>\n<p><strong>Un automne triste. Une autre feuille tombe, sans avertir, de l\u2019arbre de l\u2019art marocain. L\u2019acteur, com\u00e9dien, metteur en sc\u00e8ne et dramaturge \u00a0Aziz Saadallah a tir\u00e9 sa r\u00e9v\u00e9rence mardi 13 octobre, \u00e0 Bouskoura.<\/strong><\/p>\n<p>Un grand nom de la sc\u00e8ne artistique nationale, un visage familier chez les Marocains, Saadallah a marqu\u00e9 plusieurs g\u00e9n\u00e9rations par ses r\u00f4les au th\u00e9\u00e2tre, comme au cin\u00e9ma et \u00e0 la t\u00e9l\u00e9vision.<\/p>\n<p>On le savait malade depuis un temps, le d\u00e9funt a pass\u00e9 l\u2019arme \u00e0 gauche \u00e0 l\u2019\u00e2ge 70 ans en laissant derri\u00e8re lui une carri\u00e8re in\u00e9dite.<\/p>\n<p>Militant de la premi\u00e8re heure, Aziz Saadallah\u00a0 n\u2019a m\u00e9nag\u00e9 aucun effort pour d\u00e9fendre les droits des artistes en occupant le poste du\u00a0 pr\u00e9sident du Syndicat national des professionnels\u00a0 du th\u00e9\u00e2tre.<\/p>\n<p>\u00abAziz Saadallah \u00e9tait le premier pr\u00e9sident du Syndicat national des professionnels\u00a0 du th\u00e9\u00e2tre qui est devenu aujourd\u2019hui le Syndicat marocain des professionnels des arts dramatiques. Il fut un grand militant\u00a0!\u00bb, rappelle confie Messaoud Bouhcine, pr\u00e9sident du Syndicat marocain des professionnels des arts dramatiques.<\/p>\n<p>\u00abIl y a de ces disparitions subites qui vous laissent sans voix. Aziz mon cher Aziz s\u2019en est all\u00e9 sans doute l\u2019\u0153il souriant et interrogateur et l\u2019\u00e9tonnement perp\u00e9tuel qui a toujours accompagn\u00e9 son existence. Je l\u2019aimais. Il me le rendait bien. Des souvenirs inoubliables et toujours cette pens\u00e9e affectueuse pour lui et pour la grande, l\u2019incomparable Khadija. Adieu Aziz. Le th\u00e9\u00e2tre et tes amis ont encore perdu une \u00e9toile. Le ciel s\u2019assombrit de plus en plus\u00bb, \u00e9crit le dramaturge, Ahmed Massaia, sur sa page facebook \u00e0 propos de la disparition de son ami Aziz.<\/p>\n<p>Auteur: M&rsquo;hammed rahal<br \/>\n<a href=\"http:\/\/albayane.press.ma\/%EF%BB%BFaziz-saadallah-adieu-lartiste.html\">Cliquez ici pour lire l&rsquo;article depuis sa source.<\/a><\/p>\n","protected":false},"excerpt":{"rendered":"<p>Une autre feuille tombe de notre m\u00e9moire artistique Mohamed Nait Youssef Un automne triste. Une autre feuille tombe, sans avertir, de l\u2019arbre de l\u2019art marocain. L\u2019acteur, com\u00e9dien, metteur en sc\u00e8ne et dramaturge \u00a0Aziz Saadallah a tir\u00e9 sa r\u00e9v\u00e9rence mardi 13 octobre, \u00e0 Bouskoura. Un grand nom de la sc\u00e8ne artistique nationale, un visage familier chez [&hellip;]<\/p>\n","protected":false},"author":1760,"featured_media":0,"comment_status":"closed","ping_status":"closed","sticky":false,"template":"","format":"standard","meta":{"fifu_image_url":"","fifu_image_alt":"","footnotes":""},"categories":[73,54],"tags":[],"class_list":["post-101582","post","type-post","status-publish","format-standard","hentry","category-actualite","category-maroc"],"_links":{"self":[{"href":"https:\/\/linitiative.ca\/International\/wp-json\/wp\/v2\/posts\/101582","targetHints":{"allow":["GET"]}}],"collection":[{"href":"https:\/\/linitiative.ca\/International\/wp-json\/wp\/v2\/posts"}],"about":[{"href":"https:\/\/linitiative.ca\/International\/wp-json\/wp\/v2\/types\/post"}],"author":[{"embeddable":true,"href":"https:\/\/linitiative.ca\/International\/wp-json\/wp\/v2\/users\/1760"}],"replies":[{"embeddable":true,"href":"https:\/\/linitiative.ca\/International\/wp-json\/wp\/v2\/comments?post=101582"}],"version-history":[{"count":0,"href":"https:\/\/linitiative.ca\/International\/wp-json\/wp\/v2\/posts\/101582\/revisions"}],"wp:attachment":[{"href":"https:\/\/linitiative.ca\/International\/wp-json\/wp\/v2\/media?parent=101582"}],"wp:term":[{"taxonomy":"category","embeddable":true,"href":"https:\/\/linitiative.ca\/International\/wp-json\/wp\/v2\/categories?post=101582"},{"taxonomy":"post_tag","embeddable":true,"href":"https:\/\/linitiative.ca\/International\/wp-json\/wp\/v2\/tags?post=101582"}],"curies":[{"name":"wp","href":"https:\/\/api.w.org\/{rel}","templated":true}]}}