{"id":101583,"date":"2020-10-13T10:27:07","date_gmt":"2020-10-13T14:27:07","guid":{"rendered":"https:\/\/linitiative.ca\/International\/le-pps-organise-une-campagne-de-don-de-sang\/"},"modified":"2020-10-13T10:27:07","modified_gmt":"2020-10-13T14:27:07","slug":"le-pps-organise-une-campagne-de-don-de-sang","status":"publish","type":"post","link":"https:\/\/linitiative.ca\/International\/le-pps-organise-une-campagne-de-don-de-sang\/","title":{"rendered":"Le PPS organise une campagne de don de sang"},"content":{"rendered":"<p class=\"has-text-color has-vivid-red-color c2\"><strong>Samedi prochain \u00e0 son si\u00e8ge national<\/strong><\/p>\n<p class=\"has-text-color c3\"><strong>Le Bureau politique du Parti du progr\u00e8s et du socialisme appelle toutes les militantes et les militants du Parti \u00e0 se joindre \u00e0 la campagne de don du sang qu\u2019il organisera samedi 17 octobre 2020, \u00e0 partir de dix heures au si\u00e8ge national du Parti.<\/strong><\/p>\n<p>Inutile de rappeler les nobles significations que cette campagne porte et qui refl\u00e8tent l\u2019implication de notre Parti dans le syst\u00e8me national de sant\u00e9, d\u2019autant plus que le centre de transfusion sanguine souffre d\u2019un d\u00e9ficit et d\u2019une carence dans ce produit de base.<\/p>\n<p>D\u00e8s lors, les camarades d\u00e9sireux (ses) de s\u2019engager dans cette campagne humanitaire de solidarit\u00e9 peuvent prendre attache avec l\u2019administration nationale du parti\u00a0 pour confirmer leur participation, en appelant le 0537540999 ou en adressant un mail au Courriel du Parti\u00a0: <a href=\"\/cdn-cgi\/l\/email-protection#dbb6baa9b4b8f5ababa89bbcb6bab2b7f5b8b4b6\"><span class=\"__cf_email__\" data-cfemail=\"1d707c6f727e336d6d6e5d7a707c7471337e7270\">[email\u00a0protected]<\/span><\/a>.<\/p>\n<p>Et ce au plus tard le mercredi 14 octobre 2020, \u00e0 minuit, afin que l\u2019Administration nationale du Parti puisse prendre les mesures de coordination n\u00e9cessaires avec le centre de transfusion de sang, pour faire respecter les proc\u00e9dures d\u2019accueil et assurer les conditions de pr\u00e9caution et de pr\u00e9vention li\u00e9es \u00e0 la propagation du virus Covid 19.<\/p>\n<p>Auteur: M&rsquo;hammed rahal<br \/>\n<a href=\"http:\/\/albayane.press.ma\/le-pps-organise-une-campagne-de-don-de-sang.html\">Cliquez ici pour lire l&rsquo;article depuis sa source.<\/a><\/p>\n","protected":false},"excerpt":{"rendered":"<p>Samedi prochain \u00e0 son si\u00e8ge national Le Bureau politique du Parti du progr\u00e8s et du socialisme appelle toutes les militantes et les militants du Parti \u00e0 se joindre \u00e0 la campagne de don du sang qu\u2019il organisera samedi 17 octobre 2020, \u00e0 partir de dix heures au si\u00e8ge national du Parti. Inutile de rappeler les [&hellip;]<\/p>\n","protected":false},"author":1760,"featured_media":0,"comment_status":"closed","ping_status":"closed","sticky":false,"template":"","format":"standard","meta":{"fifu_image_url":"","fifu_image_alt":"","footnotes":""},"categories":[73,54],"tags":[],"class_list":["post-101583","post","type-post","status-publish","format-standard","hentry","category-actualite","category-maroc"],"_links":{"self":[{"href":"https:\/\/linitiative.ca\/International\/wp-json\/wp\/v2\/posts\/101583","targetHints":{"allow":["GET"]}}],"collection":[{"href":"https:\/\/linitiative.ca\/International\/wp-json\/wp\/v2\/posts"}],"about":[{"href":"https:\/\/linitiative.ca\/International\/wp-json\/wp\/v2\/types\/post"}],"author":[{"embeddable":true,"href":"https:\/\/linitiative.ca\/International\/wp-json\/wp\/v2\/users\/1760"}],"replies":[{"embeddable":true,"href":"https:\/\/linitiative.ca\/International\/wp-json\/wp\/v2\/comments?post=101583"}],"version-history":[{"count":0,"href":"https:\/\/linitiative.ca\/International\/wp-json\/wp\/v2\/posts\/101583\/revisions"}],"wp:attachment":[{"href":"https:\/\/linitiative.ca\/International\/wp-json\/wp\/v2\/media?parent=101583"}],"wp:term":[{"taxonomy":"category","embeddable":true,"href":"https:\/\/linitiative.ca\/International\/wp-json\/wp\/v2\/categories?post=101583"},{"taxonomy":"post_tag","embeddable":true,"href":"https:\/\/linitiative.ca\/International\/wp-json\/wp\/v2\/tags?post=101583"}],"curies":[{"name":"wp","href":"https:\/\/api.w.org\/{rel}","templated":true}]}}