{"id":101584,"date":"2020-10-13T10:45:07","date_gmt":"2020-10-13T14:45:07","guid":{"rendered":"https:\/\/linitiative.ca\/International\/la-section-de-beni-bouyach-renouvelle-son-bureau\/"},"modified":"2020-10-13T10:45:07","modified_gmt":"2020-10-13T14:45:07","slug":"la-section-de-beni-bouyach-renouvelle-son-bureau","status":"publish","type":"post","link":"https:\/\/linitiative.ca\/International\/la-section-de-beni-bouyach-renouvelle-son-bureau\/","title":{"rendered":"La section de B\u00e9ni Bouyach renouvelle son bureau"},"content":{"rendered":"<p class=\"has-text-color has-vivid-red-color c2\"><strong>Le PPS \u00e0 Al Hoceima<\/strong><\/p>\n<p class=\"has-text-color c3\"><strong>La section locale du Parti du Progr\u00e8s et du Socialisme de B\u00e9ni Bouyach \u00a0a tenu, dimanche 11 octobre 2020\u00a0 au complexe culturel et sportif, une assembl\u00e9e g\u00e9n\u00e9rale ordinaire pour renouveler ses structures, et ce dans le plein respect des mesures pr\u00e9ventives de l\u2019\u00e9pid\u00e9mie de Corona, de la distanciation sociale et du port de masques.<\/strong><\/p>\n<p>\u00a0La r\u00e9union a \u00e9t\u00e9 tenue sous la supervision du Secr\u00e9tariat provincial d\u2019Al Hoceima repr\u00e9sent\u00e9 par le camarade Abdelhak Addamous, l\u2019adjoint du secr\u00e9taire provincial.<\/p>\n<p>Dans un discours de bienvenue, le camarade Abdeladim Ahaly, membre du comit\u00e9 central du parti, a \u00e9voqu\u00e9 le chemin historique du Parti du progr\u00e8s et du socialisme et les \u00e9tapes les plus importantes de la vie du parti, de sa pratique. Et ce de sa position de force de l\u2019opposition \u00e0 sa participation \u00e0 la gestion des affaires gouvernementales, et son retour \u00e0 l\u2019opposition en octobre 2019.<\/p>\n<p>Apr\u00e8s ce bref rappel, il a \u00e9voqu\u00e9 la n\u00e9cessit\u00e9 organisationnelle qui dicte le renouvellement de l\u2019instance locale dirigeante, qui est principalement li\u00e9e \u00e0 l\u2019indispensable nouveau souffle \u00e0 insuffler au Parti au niveau local pour se pr\u00e9parer aux prochaines \u00e9ch\u00e9ances \u00e9lectorales.<\/p>\n<p>Pour sa part, le camarade Abdelhak Addamous a, \u00e0 son tour, a fait l\u2019\u00e9loge du travail accompli par la section locale de B\u00e9ni Bouayach, en insistant sur le fait de stimuler les jeunes \u00e9nergies \u00e0 une pratique noble de la politique, avec conscience et responsabilit\u00e9.<\/p>\n<p>La fin de la r\u00e9union a \u00e9t\u00e9 marqu\u00e9e par l\u2019\u00e9lection du bureau local du parti, qui a donn\u00e9 les r\u00e9sultats suivants:<\/p>\n<p><strong>\u00b7\u00a0\u00a0\u00a0\u00a0\u00a0 Achraf Ahaly: premier Secr\u00e9taire<\/strong><\/p>\n<p><strong>\u00b7\u00a0\u00a0\u00a0\u00a0\u00a0 \u00a0Nawal Al-Brad\u00eei: premier Secr\u00e9taire adjoint<\/strong><\/p>\n<p><strong>\u00b7\u00a0\u00a0\u00a0\u00a0\u00a0 \u00a0Achraf Ait Sayed: Tr\u00e9sorier<\/strong><\/p>\n<p><strong>\u00b7\u00a0\u00a0\u00a0\u00a0\u00a0 \u00a0Mohamed Zafzafi: Tr\u00e9sorier adjoint<\/strong><\/p>\n<p><strong>\u00b7\u00a0\u00a0\u00a0\u00a0\u00a0 \u00a0Abdeladim Ahaly: conseiller<\/strong><\/p>\n<p>Auteur: M&rsquo;hammed rahal<br \/>\n<a href=\"http:\/\/albayane.press.ma\/la-section-de-beni-bouyach-renouvelle-son-bureau.html\">Cliquez ici pour lire l&rsquo;article depuis sa source.<\/a><\/p>\n","protected":false},"excerpt":{"rendered":"<p>Le PPS \u00e0 Al Hoceima La section locale du Parti du Progr\u00e8s et du Socialisme de B\u00e9ni Bouyach \u00a0a tenu, dimanche 11 octobre 2020\u00a0 au complexe culturel et sportif, une assembl\u00e9e g\u00e9n\u00e9rale ordinaire pour renouveler ses structures, et ce dans le plein respect des mesures pr\u00e9ventives de l\u2019\u00e9pid\u00e9mie de Corona, de la distanciation sociale et [&hellip;]<\/p>\n","protected":false},"author":1760,"featured_media":0,"comment_status":"closed","ping_status":"closed","sticky":false,"template":"","format":"standard","meta":{"fifu_image_url":"","fifu_image_alt":"","footnotes":""},"categories":[73,54],"tags":[],"class_list":["post-101584","post","type-post","status-publish","format-standard","hentry","category-actualite","category-maroc"],"_links":{"self":[{"href":"https:\/\/linitiative.ca\/International\/wp-json\/wp\/v2\/posts\/101584","targetHints":{"allow":["GET"]}}],"collection":[{"href":"https:\/\/linitiative.ca\/International\/wp-json\/wp\/v2\/posts"}],"about":[{"href":"https:\/\/linitiative.ca\/International\/wp-json\/wp\/v2\/types\/post"}],"author":[{"embeddable":true,"href":"https:\/\/linitiative.ca\/International\/wp-json\/wp\/v2\/users\/1760"}],"replies":[{"embeddable":true,"href":"https:\/\/linitiative.ca\/International\/wp-json\/wp\/v2\/comments?post=101584"}],"version-history":[{"count":0,"href":"https:\/\/linitiative.ca\/International\/wp-json\/wp\/v2\/posts\/101584\/revisions"}],"wp:attachment":[{"href":"https:\/\/linitiative.ca\/International\/wp-json\/wp\/v2\/media?parent=101584"}],"wp:term":[{"taxonomy":"category","embeddable":true,"href":"https:\/\/linitiative.ca\/International\/wp-json\/wp\/v2\/categories?post=101584"},{"taxonomy":"post_tag","embeddable":true,"href":"https:\/\/linitiative.ca\/International\/wp-json\/wp\/v2\/tags?post=101584"}],"curies":[{"name":"wp","href":"https:\/\/api.w.org\/{rel}","templated":true}]}}