{"id":101588,"date":"2020-10-13T06:41:09","date_gmt":"2020-10-13T10:41:09","guid":{"rendered":"https:\/\/linitiative.ca\/International\/tunisie-les-proprietaires-de-cafes-et-de-restaurants-observeront-un-sit-in-vendredi-prochain\/"},"modified":"2020-10-13T06:41:09","modified_gmt":"2020-10-13T10:41:09","slug":"tunisie-les-proprietaires-de-cafes-et-de-restaurants-observeront-un-sit-in-vendredi-prochain","status":"publish","type":"post","link":"https:\/\/linitiative.ca\/International\/tunisie-les-proprietaires-de-cafes-et-de-restaurants-observeront-un-sit-in-vendredi-prochain\/","title":{"rendered":"Tunisie : Les propri\u00e9taires de caf\u00e9s et de restaurants observeront un sit-in vendredi prochain"},"content":{"rendered":"<p>Selon un communiqu\u00e9 publi\u00e9 ce mardi 13 octobre 2020 par l\u2019UTICA , les propri\u00e9taires de caf\u00e9s et de restaurants observeront, vendredi 16 octobre 2020, \u00e0 10h00 du matin, un sit-in devant le th\u00e9\u00e2tre municipal de la capitale. Ils appelleront ,\u00e0 travers ce mouvement, les autorit\u00e9s de leur permettre d\u2019utiliser de nouveau, les tables et les chaises, dans les caf\u00e9s et restaurants, tout en s\u2019engageant, de leurs c\u00f4t\u00e9s, \u00e0 appliquer le protocole sanitaire en vigueur.<\/p>\n<p>Cette d\u00e9cision de sit-in a \u00e9t\u00e9 prise lors d\u2019une r\u00e9union tenue au si\u00e8ge de l\u2019UTICA. \u00c9taient pr\u00e9sents Mohamed Faouzi Hanafi, pr\u00e9sident de la Chambre nationale des propri\u00e9taires de caf\u00e9s, cat\u00e9gorie 1, les pr\u00e9sidents de chambres r\u00e9gionales de caf\u00e9s des gouvernorats du Grand Tunis et un repr\u00e9sentant de la Chambre syndicale des restaurants, et ce, en pr\u00e9sence de Bechir Zaoui, pr\u00e9sident de la F\u00e9d\u00e9ration nationale des m\u00e9tiers, lit-on de m\u00eame source.<\/p>\n<p>Avec TAP<\/p>\n<div class=\"wp-post-author-wrap wp-post-author-shortcode left\">\n<h3 class=\"awpa-title\"\/>\n<div class=\"wp-post-author\">\n<div class=\"awpa-img awpa-author-block square\"><a href=\"http:\/\/lexpertjournal.net\/fr\/?author=5\"><img loading=\"lazy\" decoding=\"async\" alt=\"\" src=\"http:\/\/0.gravatar.com\/avatar\/97f8e10a1c1125ba104a76514ee07b16?s=150&amp;d=mm&amp;r=g\" srcset=\"http:\/\/0.gravatar.com\/avatar\/97f8e10a1c1125ba104a76514ee07b16?s=300&amp;d=mm&amp;r=g 2x\" class=\"avatar avatar-150 photo\" height=\"150\" width=\"150\"\/><\/a><\/div>\n<\/div>\n<\/div>\n<aside class=\"mashsb-container mashsb-main mashsb-stretched\">\n<\/aside>\n<p>Auteur: L&rsquo;expert<br \/>\n<a href=\"http:\/\/lexpertjournal.net\/fr\/?p=16978\">Cliquez ici pour lire l&rsquo;article depuis sa source.<\/a><\/p>\n","protected":false},"excerpt":{"rendered":"<p>Selon un communiqu\u00e9 publi\u00e9 ce mardi 13 octobre 2020 par l\u2019UTICA , les propri\u00e9taires de caf\u00e9s et de restaurants observeront, vendredi 16 octobre 2020, \u00e0 10h00 du matin, un sit-in devant le th\u00e9\u00e2tre municipal de la capitale. Ils appelleront ,\u00e0 travers ce mouvement, les autorit\u00e9s de leur permettre d\u2019utiliser de nouveau, les tables et les [&hellip;]<\/p>\n","protected":false},"author":1775,"featured_media":0,"comment_status":"closed","ping_status":"closed","sticky":false,"template":"","format":"standard","meta":{"fifu_image_url":"","fifu_image_alt":"","footnotes":""},"categories":[78,55],"tags":[],"class_list":["post-101588","post","type-post","status-publish","format-standard","hentry","category-economie","category-tunisie"],"_links":{"self":[{"href":"https:\/\/linitiative.ca\/International\/wp-json\/wp\/v2\/posts\/101588","targetHints":{"allow":["GET"]}}],"collection":[{"href":"https:\/\/linitiative.ca\/International\/wp-json\/wp\/v2\/posts"}],"about":[{"href":"https:\/\/linitiative.ca\/International\/wp-json\/wp\/v2\/types\/post"}],"author":[{"embeddable":true,"href":"https:\/\/linitiative.ca\/International\/wp-json\/wp\/v2\/users\/1775"}],"replies":[{"embeddable":true,"href":"https:\/\/linitiative.ca\/International\/wp-json\/wp\/v2\/comments?post=101588"}],"version-history":[{"count":0,"href":"https:\/\/linitiative.ca\/International\/wp-json\/wp\/v2\/posts\/101588\/revisions"}],"wp:attachment":[{"href":"https:\/\/linitiative.ca\/International\/wp-json\/wp\/v2\/media?parent=101588"}],"wp:term":[{"taxonomy":"category","embeddable":true,"href":"https:\/\/linitiative.ca\/International\/wp-json\/wp\/v2\/categories?post=101588"},{"taxonomy":"post_tag","embeddable":true,"href":"https:\/\/linitiative.ca\/International\/wp-json\/wp\/v2\/tags?post=101588"}],"curies":[{"name":"wp","href":"https:\/\/api.w.org\/{rel}","templated":true}]}}