{"id":101589,"date":"2020-10-13T08:25:20","date_gmt":"2020-10-13T12:25:20","guid":{"rendered":"https:\/\/linitiative.ca\/International\/les-commercants-independants-protestent-devant-le-siege-du-gouvernorat-de-tunis\/"},"modified":"2020-10-13T08:25:20","modified_gmt":"2020-10-13T12:25:20","slug":"les-commercants-independants-protestent-devant-le-siege-du-gouvernorat-de-tunis","status":"publish","type":"post","link":"https:\/\/linitiative.ca\/International\/les-commercants-independants-protestent-devant-le-siege-du-gouvernorat-de-tunis\/","title":{"rendered":"Les commer\u00e7ants ind\u00e9pendants protestent devant le si\u00e8ge du gouvernorat de Tunis"},"content":{"rendered":"<p class=\"p1\"><span class=\"s1\">Les propri\u00e9taires de caf\u00e9s et de restaurants observeront, vendredi 16\u00a0octobre 2020, \u00e0 10\u2009h\u200900 du matin, un sit-in devant le th\u00e9\u00e2tre municipal de la capitale, pour demander aux autorit\u00e9s de leur permettre d\u2019utiliser de nouveau, les tables et les chaises, dans les caf\u00e9s et restaurants, tout en s\u2019engageant, de leurs c\u00f4t\u00e9s, \u00e0 appliquer le protocole sanitaire en vigueur.<\/span><\/p>\n<p class=\"p1\"><span class=\"s1\">Selon un communiqu\u00e9, publi\u00e9 mardi, par l\u2019organisation patronale, cette d\u00e9cision de sit-in a \u00e9t\u00e9 prise lors d\u2019une r\u00e9union tenue au si\u00e8ge de l\u2019UTICA, \u00e0 laquelle a pris part Mohamed Faouzi Hanafi, pr\u00e9sident de la Chambre nationale des propri\u00e9taires de caf\u00e9s, cat\u00e9gorie 1, les pr\u00e9sidents de chambres r\u00e9gionales de caf\u00e9s des gouvernorats du Grand Tunis et un repr\u00e9sentant de la Chambre syndicale des restaurants, et ce, en pr\u00e9sence de Bechir Zaoui, pr\u00e9sident de la F\u00e9d\u00e9ration nationale des m\u00e9tiers.<\/span><\/p>\n<p class=\"p1\"><span class=\"s1\">Pour rappel, le comit\u00e9 de lutte contre les catastrophes avait d\u00e9cid\u00e9, r\u00e9cemment, de retirer les chaises et les tables pendant 15 jours, \u00e0 partir du 9\u00a0octobre 2020, et ce, dans le cadre de la lutte contre la propagation de la pand\u00e9mie du Covid-19.<\/span><\/p>\n<div class=\"wp-post-author-wrap wp-post-author-shortcode left\">\n<h3 class=\"awpa-title\"\/>\n<div class=\"wp-post-author\">\n<div class=\"awpa-img awpa-author-block square\"><a href=\"http:\/\/lexpertjournal.net\/fr\/?author=5\"><img loading=\"lazy\" decoding=\"async\" alt=\"\" src=\"http:\/\/0.gravatar.com\/avatar\/97f8e10a1c1125ba104a76514ee07b16?s=150&amp;d=mm&amp;r=g\" srcset=\"http:\/\/0.gravatar.com\/avatar\/97f8e10a1c1125ba104a76514ee07b16?s=300&amp;d=mm&amp;r=g 2x\" class=\"avatar avatar-150 photo\" height=\"150\" width=\"150\"\/><\/a><\/div>\n<\/div>\n<\/div>\n<aside class=\"mashsb-container mashsb-main mashsb-stretched\">\n<\/aside>\n<p>Auteur: L&rsquo;expert<br \/>\n<a href=\"http:\/\/lexpertjournal.net\/fr\/?p=16982\">Cliquez ici pour lire l&rsquo;article depuis sa source.<\/a><\/p>\n","protected":false},"excerpt":{"rendered":"<p>Les propri\u00e9taires de caf\u00e9s et de restaurants observeront, vendredi 16\u00a0octobre 2020, \u00e0 10\u2009h\u200900 du matin, un sit-in devant le th\u00e9\u00e2tre municipal de la capitale, pour demander aux autorit\u00e9s de leur permettre d\u2019utiliser de nouveau, les tables et les chaises, dans les caf\u00e9s et restaurants, tout en s\u2019engageant, de leurs c\u00f4t\u00e9s, \u00e0 appliquer le protocole sanitaire [&hellip;]<\/p>\n","protected":false},"author":1775,"featured_media":0,"comment_status":"closed","ping_status":"closed","sticky":false,"template":"","format":"standard","meta":{"fifu_image_url":"","fifu_image_alt":"","footnotes":""},"categories":[78,55],"tags":[],"class_list":["post-101589","post","type-post","status-publish","format-standard","hentry","category-economie","category-tunisie"],"_links":{"self":[{"href":"https:\/\/linitiative.ca\/International\/wp-json\/wp\/v2\/posts\/101589","targetHints":{"allow":["GET"]}}],"collection":[{"href":"https:\/\/linitiative.ca\/International\/wp-json\/wp\/v2\/posts"}],"about":[{"href":"https:\/\/linitiative.ca\/International\/wp-json\/wp\/v2\/types\/post"}],"author":[{"embeddable":true,"href":"https:\/\/linitiative.ca\/International\/wp-json\/wp\/v2\/users\/1775"}],"replies":[{"embeddable":true,"href":"https:\/\/linitiative.ca\/International\/wp-json\/wp\/v2\/comments?post=101589"}],"version-history":[{"count":0,"href":"https:\/\/linitiative.ca\/International\/wp-json\/wp\/v2\/posts\/101589\/revisions"}],"wp:attachment":[{"href":"https:\/\/linitiative.ca\/International\/wp-json\/wp\/v2\/media?parent=101589"}],"wp:term":[{"taxonomy":"category","embeddable":true,"href":"https:\/\/linitiative.ca\/International\/wp-json\/wp\/v2\/categories?post=101589"},{"taxonomy":"post_tag","embeddable":true,"href":"https:\/\/linitiative.ca\/International\/wp-json\/wp\/v2\/tags?post=101589"}],"curies":[{"name":"wp","href":"https:\/\/api.w.org\/{rel}","templated":true}]}}