{"id":101590,"date":"2020-10-13T08:39:48","date_gmt":"2020-10-13T12:39:48","guid":{"rendered":"https:\/\/linitiative.ca\/International\/taboubi-le-dossier-des-ouvriers-de-chantiers-sera-resolu-cette-semaine\/"},"modified":"2020-10-13T08:39:48","modified_gmt":"2020-10-13T12:39:48","slug":"taboubi-le-dossier-des-ouvriers-de-chantiers-sera-resolu-cette-semaine","status":"publish","type":"post","link":"https:\/\/linitiative.ca\/International\/taboubi-le-dossier-des-ouvriers-de-chantiers-sera-resolu-cette-semaine\/","title":{"rendered":"Taboubi: le dossier des ouvriers de chantiers sera r\u00e9solu cette semaine"},"content":{"rendered":"<p>\u00ab Le dossier des\u00a0<strong>ouvriers\u00a0<\/strong>de\u00a0<strong>chantiers\u00a0<\/strong>sera r\u00e9solu au cours de cette semaine apr\u00e8s la discussion de toutes les difficult\u00e9s avec le gouvernement \u00bb, a soulign\u00e9 mardi, Noureddine Taboubi, secr\u00e9taire g\u00e9n\u00e9ral de l\u2019Union g\u00e9n\u00e9rale tunisienne du travail (<strong>UGTT<\/strong>).<\/p>\n<p>Dans une d\u00e9claration aux m\u00e9dias \u00e0 l\u2019issue de son entretien avec le chef du gouvernement,\u00a0<strong>Hichem Mechichi<\/strong>, Taboubi a signal\u00e9 qu\u2019un consensus a \u00e9t\u00e9 trouv\u00e9 avec le chef du gouvernement pour r\u00e9gulariser le dossier des ouvriers de chantiers soulignant que la phase actuelle n\u00e9cessite la mobilisation de tous pour surpasser les difficult\u00e9s.<\/p>\n<p>Il a, en outre, indiqu\u00e9 que l\u2019entretien a aussi port\u00e9 sur le d\u00e9veloppement de la situation \u00e9pid\u00e9miologique dans le pays et les retomb\u00e9es de la crise sanitaire de la\u00a0<strong>COVID-19<\/strong>\u00a0sur tous les secteurs ainsi que les difficult\u00e9s auxquelles fait face le secteur de la sant\u00e9 comme le manque de ressources humaines et logistiques et la n\u00e9cessit\u00e9 de prot\u00e9ger tous les travailleurs dans ce secteur.<\/p>\n<p>D\u2019apr\u00e8s Taboubi, l\u2019augmentation du salaire minimum garanti et la hausse des prix ont \u00e9t\u00e9 aussi \u00e0 l\u2019ordre du jour.<\/p>\n<p>De son c\u00f4t\u00e9, le chef du gouvernement, Hichem Mechichi a indiqu\u00e9 que la situation sanitaire est critique et n\u00e9cessite davantage de vigilance et l\u2019application rigoureuse du protocole sanitaire qui est, selon lui, la seule solution pour contenir la pand\u00e9mie.<\/p>\n<p>(TAP)<\/p>\n<div class=\"wp-post-author-wrap wp-post-author-shortcode left\">\n<h3 class=\"awpa-title\"\/>\n<div class=\"wp-post-author\">\n<div class=\"awpa-img awpa-author-block square\"><a href=\"http:\/\/lexpertjournal.net\/fr\/?author=5\"><img loading=\"lazy\" decoding=\"async\" alt=\"\" src=\"http:\/\/0.gravatar.com\/avatar\/97f8e10a1c1125ba104a76514ee07b16?s=150&amp;d=mm&amp;r=g\" srcset=\"http:\/\/0.gravatar.com\/avatar\/97f8e10a1c1125ba104a76514ee07b16?s=300&amp;d=mm&amp;r=g 2x\" class=\"avatar avatar-150 photo\" height=\"150\" width=\"150\"\/><\/a><\/div>\n<\/div>\n<\/div>\n<aside class=\"mashsb-container mashsb-main mashsb-stretched\">\n<\/aside>\n<p>Auteur: L&rsquo;expert<br \/>\n<a href=\"http:\/\/lexpertjournal.net\/fr\/?p=16985\">Cliquez ici pour lire l&rsquo;article depuis sa source.<\/a><\/p>\n","protected":false},"excerpt":{"rendered":"<p>\u00ab Le dossier des\u00a0ouvriers\u00a0de\u00a0chantiers\u00a0sera r\u00e9solu au cours de cette semaine apr\u00e8s la discussion de toutes les difficult\u00e9s avec le gouvernement \u00bb, a soulign\u00e9 mardi, Noureddine Taboubi, secr\u00e9taire g\u00e9n\u00e9ral de l\u2019Union g\u00e9n\u00e9rale tunisienne du travail (UGTT). Dans une d\u00e9claration aux m\u00e9dias \u00e0 l\u2019issue de son entretien avec le chef du gouvernement,\u00a0Hichem Mechichi, Taboubi a signal\u00e9 qu\u2019un [&hellip;]<\/p>\n","protected":false},"author":1775,"featured_media":0,"comment_status":"closed","ping_status":"closed","sticky":false,"template":"","format":"standard","meta":{"fifu_image_url":"","fifu_image_alt":"","footnotes":""},"categories":[78,55],"tags":[],"class_list":["post-101590","post","type-post","status-publish","format-standard","hentry","category-economie","category-tunisie"],"_links":{"self":[{"href":"https:\/\/linitiative.ca\/International\/wp-json\/wp\/v2\/posts\/101590","targetHints":{"allow":["GET"]}}],"collection":[{"href":"https:\/\/linitiative.ca\/International\/wp-json\/wp\/v2\/posts"}],"about":[{"href":"https:\/\/linitiative.ca\/International\/wp-json\/wp\/v2\/types\/post"}],"author":[{"embeddable":true,"href":"https:\/\/linitiative.ca\/International\/wp-json\/wp\/v2\/users\/1775"}],"replies":[{"embeddable":true,"href":"https:\/\/linitiative.ca\/International\/wp-json\/wp\/v2\/comments?post=101590"}],"version-history":[{"count":0,"href":"https:\/\/linitiative.ca\/International\/wp-json\/wp\/v2\/posts\/101590\/revisions"}],"wp:attachment":[{"href":"https:\/\/linitiative.ca\/International\/wp-json\/wp\/v2\/media?parent=101590"}],"wp:term":[{"taxonomy":"category","embeddable":true,"href":"https:\/\/linitiative.ca\/International\/wp-json\/wp\/v2\/categories?post=101590"},{"taxonomy":"post_tag","embeddable":true,"href":"https:\/\/linitiative.ca\/International\/wp-json\/wp\/v2\/tags?post=101590"}],"curies":[{"name":"wp","href":"https:\/\/api.w.org\/{rel}","templated":true}]}}