{"id":101596,"date":"2020-10-13T06:21:08","date_gmt":"2020-10-13T10:21:08","guid":{"rendered":"https:\/\/linitiative.ca\/International\/cloture-de-la-5eme-edition-du-festival-des-arts-populaires\/"},"modified":"2020-10-13T06:21:08","modified_gmt":"2020-10-13T10:21:08","slug":"cloture-de-la-5eme-edition-du-festival-des-arts-populaires","status":"publish","type":"post","link":"https:\/\/linitiative.ca\/International\/cloture-de-la-5eme-edition-du-festival-des-arts-populaires\/","title":{"rendered":"Cl\u00f4ture de la 5\u00e8me \u00e9dition du Festival des arts populaires"},"content":{"rendered":"<div readability=\"36\">\n<p>El Kela\u00e2 des Sraghna \u2013 La 5\u00e8me \u00e9dition du Festival d\u2019El Kela\u00e2 des Sraghna des arts populaires, organis\u00e9e cette ann\u00e9e en \u00ab\u00a0format virtuel\u00a0\u00bb a pris fin lundi, avec la pr\u00e9sentation de spectacles musicaux traduisant l\u2019authenticit\u00e9 de ces arts au niveau de la province.<\/p>\n<\/div>\n<div readability=\"90\">\n<p>Les amoureux du patrimoine authentique avaient rendez-vous, du 08 au 12 octobre, avec un genre artistique des plus populaires au niveau provincial \u00e0 savoir Abidat Rma avec la troupe Ouled Tassaout, sous la conduite de Fay\u00e7al Faouzi.<\/p>\n<p>Le public a aussi appr\u00e9ci\u00e9 la performance artistique de la troupe \u00ab\u00a0La\u00e2bate Kela\u00e2 des Sraghna\u00a0\u00bb, un autre genre artistique, lui aussi, tr\u00e8s populaire dans la province.<\/p>\n<p>Dans une d\u00e9claration \u00e0 la MAP, le directeur du festival, Abdelilah Namrouchi, a soulign\u00e9 que les arts populaires au Maroc repr\u00e9sentent un patrimoine culturel ancestral qui jouit d\u2019une grande popularit\u00e9 aupr\u00e8s des Marocains, d\u2019o\u00f9 la n\u00e9cessit\u00e9 de le codifier, le r\u00e9pertorier et le pr\u00e9server pour le l\u00e9guer aux g\u00e9n\u00e9rations futures.<\/p>\n<p>Ce festival se fixait pour mission de rendre hommage aux pionniers des arts populaires au niveau de cette partie du territoire national, les soutenir aux niveaux moral et mat\u00e9riel dans le contexte de la crise sanitaire actuel et les mutations socio\u00e9conomiques et culturelles impos\u00e9es par la modernit\u00e9, a-t-il expliqu\u00e9.<\/p>\n<p>Initi\u00e9 par \u00ab\u00a0Dar Attakafa\u00a0\u00bb (Maison de la culture) en coordination avec la direction r\u00e9gionale de la culture de Marrakech-Safi, et en partenariat avec l\u2019association \u00ab\u00a0Angham\u00a0\u00bb pour la musique, l\u2019art et le patrimoine populaire et le forum Serghini pour la musique et les arts, cet \u00e9v\u00e9nement artistique tend \u00e0 rapprocher les arts populaires du public en tant qu\u2019un levier culturel marqu\u00e9 du sceau de l\u2019authenticit\u00e9 et de la diversit\u00e9 de ses expressions et un pilier du tourisme culturel dans la province.<\/p>\n<p>Le programme de cette manifestation culturelle comportait la pr\u00e9sentation de plusieurs spectacles de musique populaire et moderne (deux spectacles par jour), offerts par des artistes de renomm\u00e9e locale et nationale, tels que Abderrazak Boukhdada (Bouchiba), le groupe Ouled Haouz El Garrar, le Groupe Abidat Rma (Noujjoum Sraghna) sous la conduite de Morad Haddou, l\u2019artiste Aziz Bouafia, Abidat Rma \u00ab\u00a0Khayala\u00a0\u00bb sous la conduite de Rahal Bensayed, l\u2019artiste Samir Issam, Abderrahim Seddik et les artistes Abdelaziz Halouani, Samir Issam et Mohamed Zaher.<\/p>\n<p>Cette \u00e9dition a \u00e9t\u00e9 marqu\u00e9e par le changement du mode de communication et d\u2019interaction avec le public local et national, en ayant recours aux r\u00e9seaux sociaux, eu \u00e9gard \u00e0 leur r\u00f4le dans le domaine de l\u2019information et de la communication, le but \u00e9tant d\u2019\u00eatre en conformit\u00e9 avec les mesures pr\u00e9ventives en vigueur pour enrayer la propagation de la Covid-19.<\/p>\n<\/div>\n<p>Auteur: Meriem IGASS<br \/>\n<a href=\"http:\/\/www.mapmarrakech.ma\/fr\/cloture-de-la-5eme-edition-en-format-virtuel-du-festival-des-arts-populaires\/\">Cliquez ici pour lire l&rsquo;article depuis sa source.<\/a><\/p>\n","protected":false},"excerpt":{"rendered":"<p>El Kela\u00e2 des Sraghna \u2013 La 5\u00e8me \u00e9dition du Festival d\u2019El Kela\u00e2 des Sraghna des arts populaires, organis\u00e9e cette ann\u00e9e en \u00ab\u00a0format virtuel\u00a0\u00bb a pris fin lundi, avec la pr\u00e9sentation de spectacles musicaux traduisant l\u2019authenticit\u00e9 de ces arts au niveau de la province. Les amoureux du patrimoine authentique avaient rendez-vous, du 08 au 12 octobre, [&hellip;]<\/p>\n","protected":false},"author":1788,"featured_media":0,"comment_status":"closed","ping_status":"closed","sticky":false,"template":"","format":"standard","meta":{"fifu_image_url":"","fifu_image_alt":"","footnotes":""},"categories":[54,76],"tags":[],"class_list":["post-101596","post","type-post","status-publish","format-standard","hentry","category-maroc","category-regions"],"_links":{"self":[{"href":"https:\/\/linitiative.ca\/International\/wp-json\/wp\/v2\/posts\/101596","targetHints":{"allow":["GET"]}}],"collection":[{"href":"https:\/\/linitiative.ca\/International\/wp-json\/wp\/v2\/posts"}],"about":[{"href":"https:\/\/linitiative.ca\/International\/wp-json\/wp\/v2\/types\/post"}],"author":[{"embeddable":true,"href":"https:\/\/linitiative.ca\/International\/wp-json\/wp\/v2\/users\/1788"}],"replies":[{"embeddable":true,"href":"https:\/\/linitiative.ca\/International\/wp-json\/wp\/v2\/comments?post=101596"}],"version-history":[{"count":0,"href":"https:\/\/linitiative.ca\/International\/wp-json\/wp\/v2\/posts\/101596\/revisions"}],"wp:attachment":[{"href":"https:\/\/linitiative.ca\/International\/wp-json\/wp\/v2\/media?parent=101596"}],"wp:term":[{"taxonomy":"category","embeddable":true,"href":"https:\/\/linitiative.ca\/International\/wp-json\/wp\/v2\/categories?post=101596"},{"taxonomy":"post_tag","embeddable":true,"href":"https:\/\/linitiative.ca\/International\/wp-json\/wp\/v2\/tags?post=101596"}],"curies":[{"name":"wp","href":"https:\/\/api.w.org\/{rel}","templated":true}]}}