{"id":101597,"date":"2020-10-13T13:42:22","date_gmt":"2020-10-13T17:42:22","guid":{"rendered":"https:\/\/linitiative.ca\/International\/campagne-de-don-plus-de-100-poches-de-sang-collectees\/"},"modified":"2020-10-13T13:42:22","modified_gmt":"2020-10-13T17:42:22","slug":"campagne-de-don-plus-de-100-poches-de-sang-collectees","status":"publish","type":"post","link":"https:\/\/linitiative.ca\/International\/campagne-de-don-plus-de-100-poches-de-sang-collectees\/","title":{"rendered":"Campagne de don: Plus de 100 poches de sang collect\u00e9es"},"content":{"rendered":"<div class=\"single-featured\"><img alt=\"\" data-src=\"http:\/\/www.mapmarrakech.ma\/map\/uploads\/2020\/10\/don-sang-rak-copier.jpg\"\/><\/div>\n<div class=\"single-post-excerpt post-excerpt-bc\" readability=\"39\">\n<p>Marrakech \u2013 Un total de 110 poches de sang ont \u00e9t\u00e9 collect\u00e9es lors d\u2019une campagne de don de sang organis\u00e9e, dimanche \u00e0 Marrakech, par des acteurs de la soci\u00e9t\u00e9 civile afin de contribuer \u00e0 renflouer les stocks de cette mati\u00e8re vitale qui ont enregistr\u00e9, ces derniers temps, un grand d\u00e9ficit \u00e0 l\u2019\u00e9chelle r\u00e9gionale.<\/p>\n<\/div>\n<div class=\"entry-content clearfix single-post-content\" readability=\"68\">\n<p>Initi\u00e9e par l\u2019association \u00ab\u00a0Annakhil\u00a0\u00bb pour les donneurs de sang et l\u2019association \u00ab\u00a0Oulad El Khir\u00a0\u00bb pour les \u0153uvres sociales en partenariat avec le Centre R\u00e9gional de transfusion sanguine, cette campagne a connu un fort engagement des acteurs associatifs en vue de diffuser la culture du don de sang au sein de la soci\u00e9t\u00e9 et d\u2019ancrer les nobles valeurs humaines d\u2019entraide et de solidarit\u00e9.<\/p>\n<p>Cette initiative humaine, qui visait \u00e0 mobiliser le plus grand nombre de donneurs de sang, a connu la participation de 127 personnes (citoyens et acteurs associatifs), qui viennent s\u2019ajouter \u00e0 la liste des donneurs permanents et contribuer ainsi \u00e0 sauver des vies humaines.<\/p>\n<p>Dans une d\u00e9claration \u00e0 la MAP, le pr\u00e9sident de l\u2019association \u00ab\u00a0Annakhil\u00a0\u00bb pour les donneurs de sang, Mohamed Mghatit, a indiqu\u00e9 que cette campagne humanitaire reposait essentiellement sur la diffusion de la culture du don de sang au sein de la soci\u00e9t\u00e9 civile, le renforcement des stocks de sang dans la cit\u00e9 ocre surtout face \u00e0 la demande croissante en cette mati\u00e8re vitale et \u00e0 la baisse du nombre des donneurs en raison de la crise sanitaire induite par la Covid-19.<\/p>\n<p>Il a not\u00e9 que les initiateurs de cette op\u00e9ration ont veill\u00e9 \u00e0 r\u00e9unir toutes les conditions d\u2019ordre sanitaire et organisationnel en vue d\u2019assurer la r\u00e9ussite de cette campagne, \u00e0 travers la mise \u00e0 disposition des d\u00e9sinfectants et des masques de protection, la prise \u00e0 l\u2019avance de rendez-vous par les donneurs en vue d\u2019\u00e9viter tout encombrement, la mise en place d\u2019une signalisation pour faciliter l\u2019entr\u00e9e et la sortie du centre de transfusion sanguine, outre la mobilisation d\u2019un staff m\u00e9dical et infirmier au service des donneurs.<\/p>\n<p>Et l\u2019acteur associatif de conclure que cette action d\u00e9coule de la responsabilit\u00e9 sociale des individus et traduit l\u2019importance du don pour servir la communaut\u00e9, rappelant, au passage, les bienfaits de l\u2019acte de don de sang.<\/p>\n<\/div>\n<p>Auteur: Meriem IGASS<br \/>\n<a href=\"http:\/\/www.mapmarrakech.ma\/fr\/campagne-de-don-plus-de-100-poches-de-sang-collectees\/\">Cliquez ici pour lire l&rsquo;article depuis sa source.<\/a><\/p>\n","protected":false},"excerpt":{"rendered":"<p>Marrakech \u2013 Un total de 110 poches de sang ont \u00e9t\u00e9 collect\u00e9es lors d\u2019une campagne de don de sang organis\u00e9e, dimanche \u00e0 Marrakech, par des acteurs de la soci\u00e9t\u00e9 civile afin de contribuer \u00e0 renflouer les stocks de cette mati\u00e8re vitale qui ont enregistr\u00e9, ces derniers temps, un grand d\u00e9ficit \u00e0 l\u2019\u00e9chelle r\u00e9gionale. Initi\u00e9e par [&hellip;]<\/p>\n","protected":false},"author":1788,"featured_media":101598,"comment_status":"closed","ping_status":"closed","sticky":false,"template":"","format":"standard","meta":{"fifu_image_url":"","fifu_image_alt":"","footnotes":""},"categories":[54,76],"tags":[],"class_list":["post-101597","post","type-post","status-publish","format-standard","has-post-thumbnail","hentry","category-maroc","category-regions"],"_links":{"self":[{"href":"https:\/\/linitiative.ca\/International\/wp-json\/wp\/v2\/posts\/101597","targetHints":{"allow":["GET"]}}],"collection":[{"href":"https:\/\/linitiative.ca\/International\/wp-json\/wp\/v2\/posts"}],"about":[{"href":"https:\/\/linitiative.ca\/International\/wp-json\/wp\/v2\/types\/post"}],"author":[{"embeddable":true,"href":"https:\/\/linitiative.ca\/International\/wp-json\/wp\/v2\/users\/1788"}],"replies":[{"embeddable":true,"href":"https:\/\/linitiative.ca\/International\/wp-json\/wp\/v2\/comments?post=101597"}],"version-history":[{"count":0,"href":"https:\/\/linitiative.ca\/International\/wp-json\/wp\/v2\/posts\/101597\/revisions"}],"wp:featuredmedia":[{"embeddable":true,"href":"https:\/\/linitiative.ca\/International\/wp-json\/"}],"wp:attachment":[{"href":"https:\/\/linitiative.ca\/International\/wp-json\/wp\/v2\/media?parent=101597"}],"wp:term":[{"taxonomy":"category","embeddable":true,"href":"https:\/\/linitiative.ca\/International\/wp-json\/wp\/v2\/categories?post=101597"},{"taxonomy":"post_tag","embeddable":true,"href":"https:\/\/linitiative.ca\/International\/wp-json\/wp\/v2\/tags?post=101597"}],"curies":[{"name":"wp","href":"https:\/\/api.w.org\/{rel}","templated":true}]}}